{"id":13652,"date":"2019-08-08T10:12:03","date_gmt":"2019-08-08T08:12:03","guid":{"rendered":"https:\/\/answear.hu\/blog\/?p=13652"},"modified":"2021-10-06T18:18:00","modified_gmt":"2021-10-06T16:18:00","slug":"answear-trend-schreiter-lilla-megmutatja-kedvenc-fesztivalszettjet","status":"publish","type":"post","link":"https:\/\/answear.hu\/blog\/answear-trend-schreiter-lilla-megmutatja-kedvenc-fesztivalszettjet\/13652","title":{"rendered":"Answear trend: Schreiter Lilla megmutatja kedvenc fesztiv\u00e1lszettj\u00e9t"},"content":{"rendered":"<span class=\"span-reading-time rt-reading-time\" style=\"display: block;\"><span class=\"rt-label rt-prefix\">Olvasd el, csak <\/span> <span class=\"rt-time\"> 2<\/span> <span class=\"rt-label rt-postfix\">perc<\/span><\/span><p>A fesztiv\u00e1lszezon jav\u00e1ban tart, szinte m\u00e1r az \u00f6sszes fesztiv\u00e1ltrendet megismerhett\u00fck, de mindig j\u00f3 \u00faj \u00e9s friss szetteket felfedezni, f\u0151leg ha ez egy olyan profi divatszakember prezent\u00e1l\u00e1s\u00e1ban j\u00f6n, mint Schreiter Lilla! Lilla most az ANSWEAR legmen\u0151bb darabjai k\u00f6z\u00fcl v\u00e1logatott \u00e9s egy olyan fesztiv\u00e1los megjelen\u00e9st tett \u00f6ssze, ami nem h\u00e9tk\u00f6znapi,\u00a0 mint ahogy \u0151 maga sem!<\/p>\n<p><!--more--><\/p>\n<p><img loading=\"lazy\" decoding=\"async\" class=\"alignnone wp-image-13654 size-full\" src=\"https:\/\/answear.hu\/blog\/wp-content\/uploads\/2019\/08\/E159B9F3-ED46-48DD-932D-9675DBEBE675.jpg\" alt=\"\" width=\"2871\" height=\"2871\" \/><\/p>\n<p class=\"Szvegtrzs\">M\u00e1r jav\u00e1ban zajlanak a fesztiv\u00e1lok, ha m\u00e9g csak most kapcsol\u00f3dsz be vagy m\u00e1r annyin j\u00e1rt\u00e1l, hogy m\u00e1r nem tudsz mit felvenni, akkor most figyelj! Tippeket adok, hogy mivel teheted a ruh\u00e1idat fesztiv\u00e1l-kompatibiliss\u00e9. Ezek a darabok nem csak a fesztiv\u00e1lok alatt, de a k\u00f6vetkez\u0151 szezonban is meg\u00e1llj\u00e1k a hely\u00fcket, nem kell a szekr\u00e9ny m\u00e9ly\u00e9re rejtened \u0151ket, ha v\u00e9ge az \u0151r\u00fcletnek.<\/p>\n<p class=\"Szvegtrzs\"><img loading=\"lazy\" decoding=\"async\" class=\"size-large wp-image-13653 aligncenter\" src=\"https:\/\/answear.hu\/blog\/wp-content\/uploads\/2019\/08\/6D0FE3DB-5F87-42A4-A808-8704572D0579-819x1024.jpg\" alt=\"\" width=\"620\" height=\"775\" srcset=\"https:\/\/answear.hu\/blog\/wp-content\/uploads\/2019\/08\/6D0FE3DB-5F87-42A4-A808-8704572D0579-819x1024.jpg 819w, https:\/\/answear.hu\/blog\/wp-content\/uploads\/2019\/08\/6D0FE3DB-5F87-42A4-A808-8704572D0579-556x695.jpg 556w, https:\/\/answear.hu\/blog\/wp-content\/uploads\/2019\/08\/6D0FE3DB-5F87-42A4-A808-8704572D0579-768x960.jpg 768w, https:\/\/answear.hu\/blog\/wp-content\/uploads\/2019\/08\/6D0FE3DB-5F87-42A4-A808-8704572D0579-1229x1536.jpg 1229w, https:\/\/answear.hu\/blog\/wp-content\/uploads\/2019\/08\/6D0FE3DB-5F87-42A4-A808-8704572D0579-1638x2048.jpg 1638w, https:\/\/answear.hu\/blog\/wp-content\/uploads\/2019\/08\/6D0FE3DB-5F87-42A4-A808-8704572D0579-240x300.jpg 240w, https:\/\/answear.hu\/blog\/wp-content\/uploads\/2019\/08\/6D0FE3DB-5F87-42A4-A808-8704572D0579-620x775.jpg 620w, https:\/\/answear.hu\/blog\/wp-content\/uploads\/2019\/08\/6D0FE3DB-5F87-42A4-A808-8704572D0579-scaled.jpg 2048w\" sizes=\"auto, (max-width: 620px) 100vw, 620px\" \/><\/p>\n<p class=\"Szvegtrzs\">Vegy\u00fcnk egy romantikus, b\u00e1r k\u00e9nyelmes kock\u00e1s ruh\u00e1t &#8211;\u00a0 egy men\u0151 \u00f6vt\u00e1sk\u00e1val \u00e9s egy wesco csizm\u00e1val veszed fel, m\u00e1ris vag\u00e1nyabb lesz a megjelen\u00e9sed. A v\u00e9gs\u0151 fesztiv\u00e1lhangulatot egy felt\u0171n\u0151, vir\u00e1gos kimon\u00f3val \u00e9rheted el. Egy szuper frizura egy d\u00f6g\u00f6s smink \u00e9s ir\u00e1ny az egyik fesztiv\u00e1l!<\/p>\n<p class=\"Szvegtrzs\"><img loading=\"lazy\" decoding=\"async\" class=\"size-large wp-image-13655 aligncenter\" src=\"https:\/\/answear.hu\/blog\/wp-content\/uploads\/2019\/08\/FC828AF1-D73E-443D-AC60-9136100E887B-1024x1024.jpg\" alt=\"\" width=\"620\" height=\"620\" srcset=\"https:\/\/answear.hu\/blog\/wp-content\/uploads\/2019\/08\/FC828AF1-D73E-443D-AC60-9136100E887B-1024x1024.jpg 1024w, https:\/\/answear.hu\/blog\/wp-content\/uploads\/2019\/08\/FC828AF1-D73E-443D-AC60-9136100E887B-695x695.jpg 695w, https:\/\/answear.hu\/blog\/wp-content\/uploads\/2019\/08\/FC828AF1-D73E-443D-AC60-9136100E887B-768x768.jpg 768w, https:\/\/answear.hu\/blog\/wp-content\/uploads\/2019\/08\/FC828AF1-D73E-443D-AC60-9136100E887B-1536x1536.jpg 1536w, https:\/\/answear.hu\/blog\/wp-content\/uploads\/2019\/08\/FC828AF1-D73E-443D-AC60-9136100E887B-45x45.jpg 45w, https:\/\/answear.hu\/blog\/wp-content\/uploads\/2019\/08\/FC828AF1-D73E-443D-AC60-9136100E887B-150x150.jpg 150w, https:\/\/answear.hu\/blog\/wp-content\/uploads\/2019\/08\/FC828AF1-D73E-443D-AC60-9136100E887B-300x300.jpg 300w, https:\/\/answear.hu\/blog\/wp-content\/uploads\/2019\/08\/FC828AF1-D73E-443D-AC60-9136100E887B-620x620.jpg 620w, https:\/\/answear.hu\/blog\/wp-content\/uploads\/2019\/08\/FC828AF1-D73E-443D-AC60-9136100E887B.jpg 1603w\" sizes=\"auto, (max-width: 620px) 100vw, 620px\" \/><\/p>\n<p><img loading=\"lazy\" decoding=\"async\" class=\"size-large wp-image-13656 aligncenter\" src=\"https:\/\/answear.hu\/blog\/wp-content\/uploads\/2019\/08\/IMG-2874-952x1024.jpg\" alt=\"\" width=\"620\" height=\"667\" srcset=\"https:\/\/answear.hu\/blog\/wp-content\/uploads\/2019\/08\/IMG-2874-952x1024.jpg 952w, https:\/\/answear.hu\/blog\/wp-content\/uploads\/2019\/08\/IMG-2874-646x695.jpg 646w, https:\/\/answear.hu\/blog\/wp-content\/uploads\/2019\/08\/IMG-2874-768x826.jpg 768w, https:\/\/answear.hu\/blog\/wp-content\/uploads\/2019\/08\/IMG-2874-1428x1536.jpg 1428w, https:\/\/answear.hu\/blog\/wp-content\/uploads\/2019\/08\/IMG-2874-1904x2048.jpg 1904w, https:\/\/answear.hu\/blog\/wp-content\/uploads\/2019\/08\/IMG-2874-279x300.jpg 279w, https:\/\/answear.hu\/blog\/wp-content\/uploads\/2019\/08\/IMG-2874-620x667.jpg 620w\" sizes=\"auto, (max-width: 620px) 100vw, 620px\" \/><\/p>\n","protected":false},"excerpt":{"rendered":"<p><span class=\"span-reading-time rt-reading-time\" style=\"display: block;\"><span class=\"rt-label rt-prefix\">Olvasd el, csak <\/span> <span class=\"rt-time\"> 2<\/span> <span class=\"rt-label rt-postfix\">perc<\/span><\/span>A fesztiv\u00e1lszezon jav\u00e1ban tart, szinte m\u00e1r az \u00f6sszes fesztiv\u00e1ltrendet megismerhett\u00fck, de mindig j\u00f3 \u00faj \u00e9s friss szetteket felfedezni, f\u0151leg ha ez egy olyan profi divatszakember prezent\u00e1l\u00e1s\u00e1ban j\u00f6n, mint Schreiter Lilla! Lilla most az ANSWEAR legmen\u0151bb darabjai k\u00f6z\u00fcl v\u00e1logatott \u00e9s egy olyan fesztiv\u00e1los megjelen\u00e9st tett \u00f6ssze, ami nem h\u00e9tk\u00f6znapi,\u00a0 mint ahogy \u0151 maga sem!<\/p>\n","protected":false},"author":35,"featured_media":0,"comment_status":"closed","ping_status":"closed","sticky":false,"template":"","format":"standard","meta":{"footnotes":""},"categories":[686],"tags":[1622,919,1128,1130,1621,1620,1133,1006],"class_list":["post-13652","post","type-post","status-publish","format-standard","hentry","category-trendek","tag-bakancs","tag-fesztival","tag-fesztival-divat","tag-fesztival-trend","tag-friyura","tag-kimono","tag-ruha","tag-smink"],"_links":{"self":[{"href":"https:\/\/answear.hu\/blog\/wp-json\/wp\/v2\/posts\/13652","targetHints":{"allow":["GET"]}}],"collection":[{"href":"https:\/\/answear.hu\/blog\/wp-json\/wp\/v2\/posts"}],"about":[{"href":"https:\/\/answear.hu\/blog\/wp-json\/wp\/v2\/types\/post"}],"author":[{"embeddable":true,"href":"https:\/\/answear.hu\/blog\/wp-json\/wp\/v2\/users\/35"}],"replies":[{"embeddable":true,"href":"https:\/\/answear.hu\/blog\/wp-json\/wp\/v2\/comments?post=13652"}],"version-history":[{"count":4,"href":"https:\/\/answear.hu\/blog\/wp-json\/wp\/v2\/posts\/13652\/revisions"}],"predecessor-version":[{"id":15430,"href":"https:\/\/answear.hu\/blog\/wp-json\/wp\/v2\/posts\/13652\/revisions\/15430"}],"wp:attachment":[{"href":"https:\/\/answear.hu\/blog\/wp-json\/wp\/v2\/media?parent=13652"}],"wp:term":[{"taxonomy":"category","embeddable":true,"href":"https:\/\/answear.hu\/blog\/wp-json\/wp\/v2\/categories?post=13652"},{"taxonomy":"post_tag","embeddable":true,"href":"https:\/\/answear.hu\/blog\/wp-json\/wp\/v2\/tags?post=13652"}],"curies":[{"name":"wp","href":"https:\/\/api.w.org\/{rel}","templated":true}]}}