{"id":13627,"date":"2019-07-25T10:43:59","date_gmt":"2019-07-25T08:43:59","guid":{"rendered":"https:\/\/answear.hu\/blog\/?p=13627"},"modified":"2021-10-06T18:21:42","modified_gmt":"2021-10-06T16:21:42","slug":"hogyan-viseljuk-tokeletesen-a-pasztell-szineket-ezen-a-nyaron","status":"publish","type":"post","link":"https:\/\/answear.hu\/blog\/hogyan-viseljuk-tokeletesen-a-pasztell-szineket-ezen-a-nyaron\/13627","title":{"rendered":"Hogyan viselj\u00fck t\u00f6k\u00e9letesen a pasztell sz\u00edneket ezen a ny\u00e1ron?"},"content":{"rendered":"<span class=\"span-reading-time rt-reading-time\" style=\"display: block;\"><span class=\"rt-label rt-prefix\">Olvasd el, csak <\/span> <span class=\"rt-time\"> 3<\/span> <span class=\"rt-label rt-postfix\">perc<\/span><\/span><p>Ez a k\u00e9rd\u00e9s mint egy bumer\u00e1ng, minden ny\u00e1ron visszat\u00e9r. Most pedig ideje eloszlatni a k\u00e9telyeket. Mutatjuk, hogyan viselheted a pasztell sz\u00edneket a szezonban, tippeket adunk, hogyan lehetsz divatos an\u00e9lk\u00fcl, hogy cikis v\u00e9geredm\u00e9nyt kapn\u00e1l.<!--more--><\/p>\n<p><img loading=\"lazy\" decoding=\"async\" class=\"alignnone wp-image-13628 size-full\" src=\"https:\/\/answear.hu\/blog\/wp-content\/uploads\/2019\/07\/KOB_0016.jpg\" alt=\"\" width=\"2048\" height=\"1365\" srcset=\"https:\/\/answear.hu\/blog\/wp-content\/uploads\/2019\/07\/KOB_0016.jpg 2048w, https:\/\/answear.hu\/blog\/wp-content\/uploads\/2019\/07\/KOB_0016-1043x695.jpg 1043w, https:\/\/answear.hu\/blog\/wp-content\/uploads\/2019\/07\/KOB_0016-768x512.jpg 768w, https:\/\/answear.hu\/blog\/wp-content\/uploads\/2019\/07\/KOB_0016-1536x1024.jpg 1536w, https:\/\/answear.hu\/blog\/wp-content\/uploads\/2019\/07\/KOB_0016-272x182.jpg 272w, https:\/\/answear.hu\/blog\/wp-content\/uploads\/2019\/07\/KOB_0016-300x200.jpg 300w, https:\/\/answear.hu\/blog\/wp-content\/uploads\/2019\/07\/KOB_0016-1024x683.jpg 1024w, https:\/\/answear.hu\/blog\/wp-content\/uploads\/2019\/07\/KOB_0016-620x413.jpg 620w\" sizes=\"auto, (max-width: 2048px) 100vw, 2048px\" \/><\/p>\n<p>Mi jut eszedbe a pasztell \u00e1rnyalatokr\u00f3l? Aranyosak, l\u00e1nyosak, sz\u00ednt visznek a megjelen\u00e9sbe \u00e9s friss \u00f6sszhat\u00e1st eredm\u00e9nyeznek. Azonban, ha valaki meggondolatlanul csak mag\u00e1ra kapja \u0151ket, infantilis v\u00e9geredm\u00e9nyt kaphat. Pontosan emiatt fontos n\u00e9h\u00e1ny tippet megfogadni \u2013 hogyan keverj\u00fck, mivel kombin\u00e1ljuk, milyen sz\u00edneket keress\u00fcnk konkr\u00e9tan \u2013 ahhoz, hogy t\u00f6k\u00e9ly\u00e9re fejlessz\u00fck a men\u0151 pasztell trendet.<\/p>\n<p><img loading=\"lazy\" decoding=\"async\" class=\"alignnone wp-image-13629 size-full\" src=\"https:\/\/answear.hu\/blog\/wp-content\/uploads\/2019\/07\/KOB_0003.jpg\" alt=\"\" width=\"2048\" height=\"1365\" srcset=\"https:\/\/answear.hu\/blog\/wp-content\/uploads\/2019\/07\/KOB_0003.jpg 2048w, https:\/\/answear.hu\/blog\/wp-content\/uploads\/2019\/07\/KOB_0003-1043x695.jpg 1043w, https:\/\/answear.hu\/blog\/wp-content\/uploads\/2019\/07\/KOB_0003-768x512.jpg 768w, https:\/\/answear.hu\/blog\/wp-content\/uploads\/2019\/07\/KOB_0003-1536x1024.jpg 1536w, https:\/\/answear.hu\/blog\/wp-content\/uploads\/2019\/07\/KOB_0003-272x182.jpg 272w, https:\/\/answear.hu\/blog\/wp-content\/uploads\/2019\/07\/KOB_0003-300x200.jpg 300w, https:\/\/answear.hu\/blog\/wp-content\/uploads\/2019\/07\/KOB_0003-1024x683.jpg 1024w, https:\/\/answear.hu\/blog\/wp-content\/uploads\/2019\/07\/KOB_0003-620x413.jpg 620w\" sizes=\"auto, (max-width: 2048px) 100vw, 2048px\" \/><\/p>\n<p><strong>Milyen fazonokat keress\u00fcnk els\u0151sorban? <\/strong><\/p>\n<p>P\u00faderr\u00f3zsasz\u00edn, vil\u00e1goss\u00e1rga, k\u00e9k \u2013 ezek el\u00e9g kisl\u00e1nyos \u00e1rnyalatok, sz\u00f3val ha ezek k\u00f6z\u00fcl v\u00e1lasztasz, ker\u00fcld a fodros, rojtos, masnis darabokat. A modern, geometrikus kiv\u00e1g\u00e1sokkal felturb\u00f3zott darabok \u00faj megvil\u00e1g\u00edt\u00e1sba helyezik a pasztell cuccokat \u00e9s ez az, amit id\u00e9n keres\u00fcnk. \u00c9l\u00e9nks\u00e1rga bl\u00e9zer, k\u00e9k bl\u00faz \u00e9s sz\u00e9lessz\u00e1r\u00fa barna nadr\u00e1g \u2013 t\u00f6k\u00e9letes egyens\u00faly az \u00e1rnyalatok kavalk\u00e1dj\u00e1ban.<\/p>\n<p><img loading=\"lazy\" decoding=\"async\" class=\"aligncenter wp-image-13630 size-large\" src=\"https:\/\/answear.hu\/blog\/wp-content\/uploads\/2019\/07\/KOB_0025-683x1024.jpg\" alt=\"\" width=\"620\" height=\"930\" srcset=\"https:\/\/answear.hu\/blog\/wp-content\/uploads\/2019\/07\/KOB_0025-683x1024.jpg 683w, https:\/\/answear.hu\/blog\/wp-content\/uploads\/2019\/07\/KOB_0025-463x695.jpg 463w, https:\/\/answear.hu\/blog\/wp-content\/uploads\/2019\/07\/KOB_0025-768x1152.jpg 768w, https:\/\/answear.hu\/blog\/wp-content\/uploads\/2019\/07\/KOB_0025-1024x1536.jpg 1024w, https:\/\/answear.hu\/blog\/wp-content\/uploads\/2019\/07\/KOB_0025-200x300.jpg 200w, https:\/\/answear.hu\/blog\/wp-content\/uploads\/2019\/07\/KOB_0025-620x930.jpg 620w, https:\/\/answear.hu\/blog\/wp-content\/uploads\/2019\/07\/KOB_0025.jpg 1365w\" sizes=\"auto, (max-width: 620px) 100vw, 620px\" \/><\/p>\n<p><strong>Hogyan kombin\u00e1ljuk a pasztell sz\u00edneket?<\/strong><\/p>\n<p>N\u00e9h\u00e1nyat igen neh\u00e9z viselni k\u00f6z\u00fcl\u00fck \u2013 p\u00e9ld\u00e1ul a vil\u00e1goss\u00e1rg\u00e1t. Ha fogalmas sincs, mivel mutatna j\u00f3l, menj a biztosra \u00e9s viseld nat\u00far \u00e1rnyalatokkal p\u00e9ld\u00e9ul feh\u00e9rrel. \u00a0Emellett ez a kifinomult, napos sz\u00edn nagyon j\u00f3l mutat majd. Ha m\u00e1r a feh\u00e9rr\u0151l besz\u00e9l\u00fcnk, b\u00e1tran kombin\u00e1lhatsz mell\u00e9 fekete\u00e9t vagy k\u00e9ket, ezek is tuti befut\u00f3knak sz\u00e9m\u00edtanak.<\/p>\n<p><strong>Pasztell sz\u00ednek vs. mint\u00e1k <\/strong><\/p>\n<p>A pasztell sz\u00edneket kontrasztos, felt\u0171n\u0151 mint\u00e1kkal b\u00e1ran kombin\u00e1lhatjuk, ilyen p\u00e9l\u00e1dul az \u00e1llatminta. Ebben az esetben az \u00e1rnyalatok adj\u00e1k a szett karakter\u00e9t \u00e9s az \u00e1llatminta a finoms\u00e1g\u00e1t. Egy pasztell dzseki egy zebramint\u00e1s szokny\u00e1val mixelve modern megjelen\u00e9st k\u00f6lcs\u00f6n\u00f6z \u00e9s a ma nagyon men\u0151 streetwear trendet hozza.<\/p>\n<p><img loading=\"lazy\" decoding=\"async\" class=\"aligncenter wp-image-13631 size-large\" src=\"https:\/\/answear.hu\/blog\/wp-content\/uploads\/2019\/07\/KOB_0041-683x1024.jpg\" alt=\"\" width=\"620\" height=\"930\" srcset=\"https:\/\/answear.hu\/blog\/wp-content\/uploads\/2019\/07\/KOB_0041-683x1024.jpg 683w, https:\/\/answear.hu\/blog\/wp-content\/uploads\/2019\/07\/KOB_0041-463x695.jpg 463w, https:\/\/answear.hu\/blog\/wp-content\/uploads\/2019\/07\/KOB_0041-768x1152.jpg 768w, https:\/\/answear.hu\/blog\/wp-content\/uploads\/2019\/07\/KOB_0041-1024x1536.jpg 1024w, https:\/\/answear.hu\/blog\/wp-content\/uploads\/2019\/07\/KOB_0041-200x300.jpg 200w, https:\/\/answear.hu\/blog\/wp-content\/uploads\/2019\/07\/KOB_0041-620x930.jpg 620w, https:\/\/answear.hu\/blog\/wp-content\/uploads\/2019\/07\/KOB_0041.jpg 1365w\" sizes=\"auto, (max-width: 620px) 100vw, 620px\" \/><\/p>\n<p>&nbsp;<\/p>\n<p><strong>Mi a helyzet a ruh\u00e1kkal? <\/strong><\/p>\n<p>A pasztell ruh\u00e1k n\u00e9lk\u00fcl\u00f6zhetetlen darabjai a ny\u00e1ri szezonnak. Na de itt is vannak h\u00e1tul\u00fct\u0151k nyilv\u00e1nval\u00f3an, p\u00e9ld\u00e1ul a t\u00fal kih\u00edv\u00f3, kiv\u00e1gott verzi\u00f3k. V\u00e9kony p\u00e1ntok, dekolt\u00e1zs, r\u00f6vid szoknyar\u00e9sz, \u00e1tlapol\u00f3s fazon&#8230; ezeket jobb elker\u00fclni, f\u0151leg ha mind egy ruh\u00e1ban egyes\u00fclnek. A t\u00f6k\u00e9letes ruha megtal\u00e1l\u00e1sa nem egyszer\u0171, de jobb, ha egyszerre csak egy van meg a kiv\u00e1lasztott ruh\u00e1ban a fet eml\u00edtett fazonok k\u00f6z\u00fcl. Ha egyszer\u0171a ruha, feldobhatod \u00e9kszerekkel: egy eleg\u00e1ns kark\u00f6t\u0151, laza napszem\u00fcveg csod\u00e1san mutat majd a pasztel ruh\u00e1val, b\u00e1tran r\u00e1mehetsz itt is\u00a0 apasztel \u00e1rnyalatokra.<\/p>\n<p><img loading=\"lazy\" decoding=\"async\" class=\"size-large wp-image-13632 aligncenter\" src=\"https:\/\/answear.hu\/blog\/wp-content\/uploads\/2019\/07\/KOB_0005-1024x683.jpg\" alt=\"\" width=\"620\" height=\"414\" srcset=\"https:\/\/answear.hu\/blog\/wp-content\/uploads\/2019\/07\/KOB_0005-1024x683.jpg 1024w, https:\/\/answear.hu\/blog\/wp-content\/uploads\/2019\/07\/KOB_0005-1043x695.jpg 1043w, https:\/\/answear.hu\/blog\/wp-content\/uploads\/2019\/07\/KOB_0005-768x512.jpg 768w, https:\/\/answear.hu\/blog\/wp-content\/uploads\/2019\/07\/KOB_0005-1536x1024.jpg 1536w, https:\/\/answear.hu\/blog\/wp-content\/uploads\/2019\/07\/KOB_0005-272x182.jpg 272w, https:\/\/answear.hu\/blog\/wp-content\/uploads\/2019\/07\/KOB_0005-300x200.jpg 300w, https:\/\/answear.hu\/blog\/wp-content\/uploads\/2019\/07\/KOB_0005-620x413.jpg 620w, https:\/\/answear.hu\/blog\/wp-content\/uploads\/2019\/07\/KOB_0005.jpg 2048w\" sizes=\"auto, (max-width: 620px) 100vw, 620px\" \/><\/p>\n","protected":false},"excerpt":{"rendered":"<p><span class=\"span-reading-time rt-reading-time\" style=\"display: block;\"><span class=\"rt-label rt-prefix\">Olvasd el, csak <\/span> <span class=\"rt-time\"> 3<\/span> <span class=\"rt-label rt-postfix\">perc<\/span><\/span>Ez a k\u00e9rd\u00e9s mint egy bumer\u00e1ng, minden ny\u00e1ron visszat\u00e9r. Most pedig ideje eloszlatni a k\u00e9telyeket. Mutatjuk, hogyan viselheted a pasztell sz\u00edneket a szezonban, tippeket adunk, hogyan lehetsz divatos an\u00e9lk\u00fcl, hogy cikis v\u00e9geredm\u00e9nyt kapn\u00e1l.<\/p>\n","protected":false},"author":35,"featured_media":0,"comment_status":"closed","ping_status":"closed","sticky":false,"template":"","format":"standard","meta":{"footnotes":""},"categories":[686],"tags":[749,1607,892,1394,1035,1558,1606,1547],"class_list":["post-13627","post","type-post","status-publish","format-standard","hentry","category-trendek","tag-trend","tag-cipok","tag-divat","tag-divatos-kiegeszitok","tag-nyari-ruha","tag-pasztell","tag-szinek","tag-trendi"],"_links":{"self":[{"href":"https:\/\/answear.hu\/blog\/wp-json\/wp\/v2\/posts\/13627","targetHints":{"allow":["GET"]}}],"collection":[{"href":"https:\/\/answear.hu\/blog\/wp-json\/wp\/v2\/posts"}],"about":[{"href":"https:\/\/answear.hu\/blog\/wp-json\/wp\/v2\/types\/post"}],"author":[{"embeddable":true,"href":"https:\/\/answear.hu\/blog\/wp-json\/wp\/v2\/users\/35"}],"replies":[{"embeddable":true,"href":"https:\/\/answear.hu\/blog\/wp-json\/wp\/v2\/comments?post=13627"}],"version-history":[{"count":2,"href":"https:\/\/answear.hu\/blog\/wp-json\/wp\/v2\/posts\/13627\/revisions"}],"predecessor-version":[{"id":15444,"href":"https:\/\/answear.hu\/blog\/wp-json\/wp\/v2\/posts\/13627\/revisions\/15444"}],"wp:attachment":[{"href":"https:\/\/answear.hu\/blog\/wp-json\/wp\/v2\/media?parent=13627"}],"wp:term":[{"taxonomy":"category","embeddable":true,"href":"https:\/\/answear.hu\/blog\/wp-json\/wp\/v2\/categories?post=13627"},{"taxonomy":"post_tag","embeddable":true,"href":"https:\/\/answear.hu\/blog\/wp-json\/wp\/v2\/tags?post=13627"}],"curies":[{"name":"wp","href":"https:\/\/api.w.org\/{rel}","templated":true}]}}