{"id":13621,"date":"2019-07-19T08:34:51","date_gmt":"2019-07-19T06:34:51","guid":{"rendered":"https:\/\/answear.hu\/blog\/?p=13621"},"modified":"2021-10-06T18:21:48","modified_gmt":"2021-10-06T16:21:48","slug":"magas-fius-alkat-vagyoltozkodesi-tippek-forma-alkat","status":"publish","type":"post","link":"https:\/\/answear.hu\/blog\/magas-fius-alkat-vagyoltozkodesi-tippek-forma-alkat\/13621","title":{"rendered":"Magas, fi\u00fas alkat vagy? 3 st\u00edlustipp k\u00e9pekkel, ami megv\u00e1ltoztatja \u00f6lt\u00f6zk\u00f6d\u00e9si szok\u00e1saidat"},"content":{"rendered":"<span class=\"span-reading-time rt-reading-time\" style=\"display: block;\"><span class=\"rt-label rt-prefix\">Olvasd el, csak <\/span> <span class=\"rt-time\"> 2<\/span> <span class=\"rt-label rt-postfix\">perc<\/span><\/span><p>Magas, v\u00e9kony, szoborszer\u0171. A hasonl\u00f3 tulajdons\u00e1gokkal rendelkez\u0151 h\u00f6lgyek a tervez\u0151k \u00e9s stylistok kedvencei. Magasak, v\u00e9konyak \u00e9s sportosak, szoborszer\u0171 alkatukon pedig szinte minden j\u00f3l \u00e1ll. Nem csoda, hogy a modellek t\u00f6bbs\u00e9ge ebb\u0151l a kateg\u00f3ri\u00e1b\u00f3l ker\u00fcl ki, t\u00f6bbek k\u00f6z\u00f6tt Anja Rubik is.<\/p>\n<p><!--more--><\/p>\n<p><img loading=\"lazy\" decoding=\"async\" class=\"aligncenter wp-image-13622 size-full\" src=\"https:\/\/answear.hu\/blog\/wp-content\/uploads\/2019\/07\/KOB23695-Edit-Edit.jpg\" alt=\"\" width=\"2048\" height=\"1365\" srcset=\"https:\/\/answear.hu\/blog\/wp-content\/uploads\/2019\/07\/KOB23695-Edit-Edit.jpg 2048w, https:\/\/answear.hu\/blog\/wp-content\/uploads\/2019\/07\/KOB23695-Edit-Edit-1043x695.jpg 1043w, https:\/\/answear.hu\/blog\/wp-content\/uploads\/2019\/07\/KOB23695-Edit-Edit-768x512.jpg 768w, https:\/\/answear.hu\/blog\/wp-content\/uploads\/2019\/07\/KOB23695-Edit-Edit-1536x1024.jpg 1536w, https:\/\/answear.hu\/blog\/wp-content\/uploads\/2019\/07\/KOB23695-Edit-Edit-272x182.jpg 272w, https:\/\/answear.hu\/blog\/wp-content\/uploads\/2019\/07\/KOB23695-Edit-Edit-300x200.jpg 300w, https:\/\/answear.hu\/blog\/wp-content\/uploads\/2019\/07\/KOB23695-Edit-Edit-1024x683.jpg 1024w, https:\/\/answear.hu\/blog\/wp-content\/uploads\/2019\/07\/KOB23695-Edit-Edit-620x413.jpg 620w\" sizes=\"auto, (max-width: 2048px) 100vw, 2048px\" \/><\/p>\n<p><strong>St\u00edlustippek 1<\/strong><\/p>\n<p>Az over\u00e1ll nem egy mindennapi viselet, nem is \u00e1ll j\u00f3l mindenkinek, azonban ha az adotts\u00e1gaid megvannak \u2013 \u00e9s megvannak &#8211; \u00a0t\u00f6k\u00e9letesen passzol majd. Itt egy picit meg\u0151r\u00fclhetsz, feszegetheted a hat\u00e1raidat, sem a magass\u00e1god, sem az alkatod nem jelenthet akad\u00e1lyt. Stylistunk egy \u00e9l\u00e9nk over\u00e1llt v\u00e1lasztott, men\u0151 piros sz\u00ednben, fodrokkal, l\u00e9gies anyagb\u00f3l, tollas f\u00fclbeval\u00f3val \u2013 igaz\u00e1n n\u0151ies viselet. Tartsd \u00e9szben, ha ebbe a kateg\u00f3ri\u00e1ba esel, ker\u00fcld a sz\u00f6gletes form\u00e1kat, \u00e9kszerek ter\u00e9n is. Ehelyett v\u00e1lassz ink\u00e1bb kerek form\u00e1kat \u00e9s k\u00fcl\u00f6nleges, finom anyagokb\u00f3l k\u00e9sz\u00fclt darabokat.<\/p>\n<p><img loading=\"lazy\" decoding=\"async\" class=\"size-large wp-image-13623 aligncenter\" src=\"https:\/\/answear.hu\/blog\/wp-content\/uploads\/2019\/07\/KOB23701-683x1024.jpg\" alt=\"\" width=\"620\" height=\"930\" srcset=\"https:\/\/answear.hu\/blog\/wp-content\/uploads\/2019\/07\/KOB23701-683x1024.jpg 683w, https:\/\/answear.hu\/blog\/wp-content\/uploads\/2019\/07\/KOB23701-463x695.jpg 463w, https:\/\/answear.hu\/blog\/wp-content\/uploads\/2019\/07\/KOB23701-768x1152.jpg 768w, https:\/\/answear.hu\/blog\/wp-content\/uploads\/2019\/07\/KOB23701-1024x1536.jpg 1024w, https:\/\/answear.hu\/blog\/wp-content\/uploads\/2019\/07\/KOB23701-200x300.jpg 200w, https:\/\/answear.hu\/blog\/wp-content\/uploads\/2019\/07\/KOB23701-620x930.jpg 620w, https:\/\/answear.hu\/blog\/wp-content\/uploads\/2019\/07\/KOB23701.jpg 1365w\" sizes=\"auto, (max-width: 620px) 100vw, 620px\" \/><\/p>\n<p><strong>St\u00edlustippek 2<\/strong><\/p>\n<p>A mostani stylingban kicsit elrugaszkodtunk \u00e9s ez nem csak a mint\u00e1kban \u00e9s a sz\u00ednekben, de a stylingban is megmutatkozik. Egy v\u00e9kony, k\u00f6t\u00f6tt pulcsi laza hat\u00e1st kelt, b\u00e1tran kombin\u00e1lhatod mint\u00e1s szokny\u00e1val, ez most igaz\u00e1n divatos. A szoknya feminim, a cip\u0151 maszkulin, m\u00e9gis teljesen egyben van a szett \u00e9s csod\u00e1san \u00e1ll modell\u00fcnknek.<\/p>\n<p><img loading=\"lazy\" decoding=\"async\" class=\"size-large wp-image-13624 aligncenter\" src=\"https:\/\/answear.hu\/blog\/wp-content\/uploads\/2019\/07\/KOB23726-683x1024.jpg\" alt=\"\" width=\"620\" height=\"930\" srcset=\"https:\/\/answear.hu\/blog\/wp-content\/uploads\/2019\/07\/KOB23726-683x1024.jpg 683w, https:\/\/answear.hu\/blog\/wp-content\/uploads\/2019\/07\/KOB23726-463x695.jpg 463w, https:\/\/answear.hu\/blog\/wp-content\/uploads\/2019\/07\/KOB23726-768x1152.jpg 768w, https:\/\/answear.hu\/blog\/wp-content\/uploads\/2019\/07\/KOB23726-1024x1536.jpg 1024w, https:\/\/answear.hu\/blog\/wp-content\/uploads\/2019\/07\/KOB23726-200x300.jpg 200w, https:\/\/answear.hu\/blog\/wp-content\/uploads\/2019\/07\/KOB23726-620x930.jpg 620w, https:\/\/answear.hu\/blog\/wp-content\/uploads\/2019\/07\/KOB23726.jpg 1365w\" sizes=\"auto, (max-width: 620px) 100vw, 620px\" \/><\/p>\n<p><strong>St\u00edlustippek 3<\/strong><\/p>\n<p>Balerina vagy a men\u0151 l\u00e1ny a szomsz\u00e9db\u00f3l? Rengeteg dologgal k\u00eds\u00e9rletezhetsz, ezt ne feledd \u00e9s mi\u00e9rt ne tenn\u00e9d? Ezen a vonalon elindulva stylistunk egy t\u00fcll bet\u00e9tes farmerszokny\u00e1t v\u00e1lasztott a harmadik szett alapjak\u00e9nt. A balerinacip\u0151, az egyszer\u0171 p\u00f3l\u00f3 \u00e9s a sz\u00ednes t\u00e1ska annyira j\u00f3 komb\u00f3t alkot a szokny\u00e1val, hogy valami teljesen egyedi v\u00e9geredm\u00e9nyt kaptunk, m\u00e9gis egyben van az eg\u00e9sz, egyszer\u0171en j\u00f3 r\u00e1n\u00e9zni. B\u00e1tran j\u00e1tssz a st\u00edlusokkal, tipjjeinket megfogadva kicsi a hib\u00e1z\u00e1s lehet\u0151s\u00e9ge.<\/p>\n<p><img loading=\"lazy\" decoding=\"async\" class=\"size-large wp-image-13625 aligncenter\" src=\"https:\/\/answear.hu\/blog\/wp-content\/uploads\/2019\/07\/KOB23743-683x1024.jpg\" alt=\"\" width=\"620\" height=\"930\" srcset=\"https:\/\/answear.hu\/blog\/wp-content\/uploads\/2019\/07\/KOB23743-683x1024.jpg 683w, https:\/\/answear.hu\/blog\/wp-content\/uploads\/2019\/07\/KOB23743-463x695.jpg 463w, https:\/\/answear.hu\/blog\/wp-content\/uploads\/2019\/07\/KOB23743-768x1152.jpg 768w, https:\/\/answear.hu\/blog\/wp-content\/uploads\/2019\/07\/KOB23743-1024x1536.jpg 1024w, https:\/\/answear.hu\/blog\/wp-content\/uploads\/2019\/07\/KOB23743-200x300.jpg 200w, https:\/\/answear.hu\/blog\/wp-content\/uploads\/2019\/07\/KOB23743-620x930.jpg 620w, https:\/\/answear.hu\/blog\/wp-content\/uploads\/2019\/07\/KOB23743.jpg 1365w\" sizes=\"auto, (max-width: 620px) 100vw, 620px\" \/><\/p>\n","protected":false},"excerpt":{"rendered":"<p><span class=\"span-reading-time rt-reading-time\" style=\"display: block;\"><span class=\"rt-label rt-prefix\">Olvasd el, csak <\/span> <span class=\"rt-time\"> 2<\/span> <span class=\"rt-label rt-postfix\">perc<\/span><\/span>Magas, v\u00e9kony, szoborszer\u0171. A hasonl\u00f3 tulajdons\u00e1gokkal rendelkez\u0151 h\u00f6lgyek a tervez\u0151k \u00e9s stylistok kedvencei. Magasak, v\u00e9konyak \u00e9s sportosak, szoborszer\u0171 alkatukon pedig szinte minden j\u00f3l \u00e1ll. Nem csoda, hogy a modellek t\u00f6bbs\u00e9ge ebb\u0151l a kateg\u00f3ri\u00e1b\u00f3l ker\u00fcl ki, t\u00f6bbek k\u00f6z\u00f6tt Anja Rubik is.<\/p>\n","protected":false},"author":35,"featured_media":0,"comment_status":"closed","ping_status":"closed","sticky":false,"template":"","format":"standard","meta":{"footnotes":""},"categories":[686],"tags":[1575,1603,1600,1596,1604,1599,1590,1605],"class_list":["post-13621","post","type-post","status-publish","format-standard","hentry","category-trendek","tag-alkat","tag-fius","tag-forma","tag-magas","tag-maszkulin","tag-oltozkodes","tag-testkep","tag-tipp"],"_links":{"self":[{"href":"https:\/\/answear.hu\/blog\/wp-json\/wp\/v2\/posts\/13621","targetHints":{"allow":["GET"]}}],"collection":[{"href":"https:\/\/answear.hu\/blog\/wp-json\/wp\/v2\/posts"}],"about":[{"href":"https:\/\/answear.hu\/blog\/wp-json\/wp\/v2\/types\/post"}],"author":[{"embeddable":true,"href":"https:\/\/answear.hu\/blog\/wp-json\/wp\/v2\/users\/35"}],"replies":[{"embeddable":true,"href":"https:\/\/answear.hu\/blog\/wp-json\/wp\/v2\/comments?post=13621"}],"version-history":[{"count":3,"href":"https:\/\/answear.hu\/blog\/wp-json\/wp\/v2\/posts\/13621\/revisions"}],"predecessor-version":[{"id":15445,"href":"https:\/\/answear.hu\/blog\/wp-json\/wp\/v2\/posts\/13621\/revisions\/15445"}],"wp:attachment":[{"href":"https:\/\/answear.hu\/blog\/wp-json\/wp\/v2\/media?parent=13621"}],"wp:term":[{"taxonomy":"category","embeddable":true,"href":"https:\/\/answear.hu\/blog\/wp-json\/wp\/v2\/categories?post=13621"},{"taxonomy":"post_tag","embeddable":true,"href":"https:\/\/answear.hu\/blog\/wp-json\/wp\/v2\/tags?post=13621"}],"curies":[{"name":"wp","href":"https:\/\/api.w.org\/{rel}","templated":true}]}}