{"id":13615,"date":"2019-07-19T08:24:09","date_gmt":"2019-07-19T06:24:09","guid":{"rendered":"https:\/\/answear.hu\/blog\/?p=13615"},"modified":"2021-10-06T18:21:54","modified_gmt":"2021-10-06T16:21:54","slug":"alacsony-magas-alkat-tunj-magasabbnak-tippek","status":"publish","type":"post","link":"https:\/\/answear.hu\/blog\/alacsony-magas-alkat-tunj-magasabbnak-tippek\/13615","title":{"rendered":"Alacsony vagy? \u00cdgy t\u0171nhetsz \u00f6lt\u00f6zk\u00f6d\u00e9sed seg\u00eds\u00e9g\u00e9vel 10 centivel magasabbnak"},"content":{"rendered":"<span class=\"span-reading-time rt-reading-time\" style=\"display: block;\"><span class=\"rt-label rt-prefix\">Olvasd el, csak <\/span> <span class=\"rt-time\"> 2<\/span> <span class=\"rt-label rt-postfix\">perc<\/span><\/span><p>Alacsony vagy? \u00c9s akkor mi van? Sokan szeretn\u00e9nek magasabbnak t\u0171nni \u00e9s persze ezzel sincs semmi baj, f\u0151leg, hogy p\u00e1r tr\u00fckkel ez k\u00f6nnyed\u00e9n eszk\u00f6z\u00f6lhet\u0151. Body Positivity Mozgalmunk arra b\u00edztat, szeresd magad \u00fagy, ahogy vagy, de egyben seg\u00edts\u00e9get is ny\u00fajtunk \u00e9s megmutatjuk azokat a csod\u00e1s darabokat, amikben igaz\u00e1n el\u0151ny\u00f6s oldaladat mutathatod meg.<\/p>\n<p><!--more--><\/p>\n<p><img loading=\"lazy\" decoding=\"async\" class=\"aligncenter wp-image-13619 size-full\" src=\"https:\/\/answear.hu\/blog\/wp-content\/uploads\/2019\/07\/screen_z_video_portret_poziom.jpg\" alt=\"\" width=\"2048\" height=\"1152\" srcset=\"https:\/\/answear.hu\/blog\/wp-content\/uploads\/2019\/07\/screen_z_video_portret_poziom.jpg 2048w, https:\/\/answear.hu\/blog\/wp-content\/uploads\/2019\/07\/screen_z_video_portret_poziom-1236x695.jpg 1236w, https:\/\/answear.hu\/blog\/wp-content\/uploads\/2019\/07\/screen_z_video_portret_poziom-768x432.jpg 768w, https:\/\/answear.hu\/blog\/wp-content\/uploads\/2019\/07\/screen_z_video_portret_poziom-1536x864.jpg 1536w, https:\/\/answear.hu\/blog\/wp-content\/uploads\/2019\/07\/screen_z_video_portret_poziom-300x169.jpg 300w, https:\/\/answear.hu\/blog\/wp-content\/uploads\/2019\/07\/screen_z_video_portret_poziom-1024x576.jpg 1024w, https:\/\/answear.hu\/blog\/wp-content\/uploads\/2019\/07\/screen_z_video_portret_poziom-620x349.jpg 620w\" sizes=\"auto, (max-width: 2048px) 100vw, 2048px\" \/><\/p>\n<p><strong>St\u00edlustippek 1<\/strong><\/p>\n<p>Minden a fazonon m\u00falik ebben az esetben. Els\u0151 szett\u00fcnket \u00fagy alkottuk meg, hogy vid\u00e1m, ragyog\u00f3 m\u00e9gis el\u0151ny\u00f6s legyen. Egy sz\u00ednes, sz\u0171ksz\u00e1r\u00fa nadr\u00e1g felfel\u00e9 vezeti, a sz\u00ednek kavalk\u00e1dja pedig vonzza a tekintetet, \u00edgy magasabbnak t\u0171nsz majd. A l\u00e9nyeg, hogy semmi ne t\u00f6rje meg a tested vonal\u00e1t, felejtsd el a midi vagy maxi ruh\u00e1kat \u00e9s t\u00f6rekedj arra, hogy a szett, amit viselsz, mindig egys\u00e9ges legyen.<\/p>\n<p><img loading=\"lazy\" decoding=\"async\" class=\"size-large wp-image-13617 aligncenter\" src=\"https:\/\/answear.hu\/blog\/wp-content\/uploads\/2019\/07\/KOB23613-683x1024.jpg\" alt=\"\" width=\"620\" height=\"930\" srcset=\"https:\/\/answear.hu\/blog\/wp-content\/uploads\/2019\/07\/KOB23613-683x1024.jpg 683w, https:\/\/answear.hu\/blog\/wp-content\/uploads\/2019\/07\/KOB23613-463x695.jpg 463w, https:\/\/answear.hu\/blog\/wp-content\/uploads\/2019\/07\/KOB23613-768x1152.jpg 768w, https:\/\/answear.hu\/blog\/wp-content\/uploads\/2019\/07\/KOB23613-1024x1536.jpg 1024w, https:\/\/answear.hu\/blog\/wp-content\/uploads\/2019\/07\/KOB23613-200x300.jpg 200w, https:\/\/answear.hu\/blog\/wp-content\/uploads\/2019\/07\/KOB23613-620x930.jpg 620w, https:\/\/answear.hu\/blog\/wp-content\/uploads\/2019\/07\/KOB23613.jpg 1365w\" sizes=\"auto, (max-width: 620px) 100vw, 620px\" \/><\/p>\n<p><strong>St\u00edlustippek<\/strong><strong> 2<\/strong><\/p>\n<p>T\u00f6k\u00e9letes szett, k\u00f6vetend\u0151 p\u00e9lda. A semleges sz\u00edn\u0171 over\u00e1ll nem csak modell\u00fcnk alkat\u00e1ra passzol csod\u00e1san, hanem iskolap\u00e9ld\u00e1ja annak, hogyan t\u0171nj\u00f6n egy alacsonyabb h\u00f6lgy magasabbnak. A V kiv\u00e1g\u00e1s, a kicsit sz\u00e9lesed\u0151 nadr\u00e1gsz\u00e1r mind-mind vezeti a tekintetet, a mint\u00e1s magassark\u00fat\u00f3l pedig nem csak magasabb leszel, de figyelemfelkelt\u0151 is. Ezt a szettet egy az egyben adopt\u00e1lhatod saj\u00e1t st\u00edlusodra, egyszer\u0171en nincs hib\u00e1z\u00e1si lehet\u0151s\u00e9g.<\/p>\n<p><img loading=\"lazy\" decoding=\"async\" class=\"size-large wp-image-13616 aligncenter\" src=\"https:\/\/answear.hu\/blog\/wp-content\/uploads\/2019\/07\/KOB23564-683x1024.jpg\" alt=\"\" width=\"620\" height=\"930\" srcset=\"https:\/\/answear.hu\/blog\/wp-content\/uploads\/2019\/07\/KOB23564-683x1024.jpg 683w, https:\/\/answear.hu\/blog\/wp-content\/uploads\/2019\/07\/KOB23564-463x695.jpg 463w, https:\/\/answear.hu\/blog\/wp-content\/uploads\/2019\/07\/KOB23564-768x1152.jpg 768w, https:\/\/answear.hu\/blog\/wp-content\/uploads\/2019\/07\/KOB23564-1024x1536.jpg 1024w, https:\/\/answear.hu\/blog\/wp-content\/uploads\/2019\/07\/KOB23564-200x300.jpg 200w, https:\/\/answear.hu\/blog\/wp-content\/uploads\/2019\/07\/KOB23564-620x930.jpg 620w, https:\/\/answear.hu\/blog\/wp-content\/uploads\/2019\/07\/KOB23564.jpg 1365w\" sizes=\"auto, (max-width: 620px) 100vw, 620px\" \/><\/p>\n<p><strong>St\u00edlustippek<\/strong><strong> 3<\/strong><\/p>\n<p>A r\u00f6vid szoknya\/sort mindig j\u00f3 v\u00e1laszt\u00e1s. Fontos hogy ne ess\u00fcnk \u00e1t a l\u00f3 m\u00e1sik oldal\u00e1ra \u00e9s szett\u00fcnk ne legyen olcs\u00f3 hat\u00e1s\u00fa. Ezt \u00fagy \u00e9rhetj\u00fck el, hogy egy k\u00fcl\u00f6neges darabot v\u00e1lasztunk alulra \u00e9s azt alapdarabokkal kombin\u00e1ljuk. Jelen esetben a fodros sz\u00e9l\u0171 szoknya a k\u00fcl\u00f6nleges v\u00e1laszt\u00e1s \u00e9s ezt egy cs\u00edkos fels\u0151vel, tornacip\u0151vel mixelt\u00fck. Igaz\u00e1b\u00f3l nem is szorul nagyon magyar\u00e1zatra, a k\u00e9pek \u00e1rulkodnak, inspri\u00e1l\u00f3dj bel\u0151l\u00fck.<\/p>\n<p><img loading=\"lazy\" decoding=\"async\" class=\"size-large wp-image-13618 aligncenter\" src=\"https:\/\/answear.hu\/blog\/wp-content\/uploads\/2019\/07\/KOB23646-683x1024.jpg\" alt=\"\" width=\"620\" height=\"930\" srcset=\"https:\/\/answear.hu\/blog\/wp-content\/uploads\/2019\/07\/KOB23646-683x1024.jpg 683w, https:\/\/answear.hu\/blog\/wp-content\/uploads\/2019\/07\/KOB23646-463x695.jpg 463w, https:\/\/answear.hu\/blog\/wp-content\/uploads\/2019\/07\/KOB23646-768x1152.jpg 768w, https:\/\/answear.hu\/blog\/wp-content\/uploads\/2019\/07\/KOB23646-1024x1536.jpg 1024w, https:\/\/answear.hu\/blog\/wp-content\/uploads\/2019\/07\/KOB23646-200x300.jpg 200w, https:\/\/answear.hu\/blog\/wp-content\/uploads\/2019\/07\/KOB23646-620x930.jpg 620w, https:\/\/answear.hu\/blog\/wp-content\/uploads\/2019\/07\/KOB23646.jpg 1365w\" sizes=\"auto, (max-width: 620px) 100vw, 620px\" \/><\/p>\n","protected":false},"excerpt":{"rendered":"<p><span class=\"span-reading-time rt-reading-time\" style=\"display: block;\"><span class=\"rt-label rt-prefix\">Olvasd el, csak <\/span> <span class=\"rt-time\"> 2<\/span> <span class=\"rt-label rt-postfix\">perc<\/span><\/span>Alacsony vagy? \u00c9s akkor mi van? Sokan szeretn\u00e9nek magasabbnak t\u0171nni \u00e9s persze ezzel sincs semmi baj, f\u0151leg, hogy p\u00e1r tr\u00fckkel ez k\u00f6nnyed\u00e9n eszk\u00f6z\u00f6lhet\u0151. Body Positivity Mozgalmunk arra b\u00edztat, szeresd magad \u00fagy, ahogy vagy, de egyben seg\u00edts\u00e9get is ny\u00fajtunk \u00e9s megmutatjuk azokat a csod\u00e1s darabokat, amikben igaz\u00e1n el\u0151ny\u00f6s oldaladat mutathatod meg.<\/p>\n","protected":false},"author":35,"featured_media":0,"comment_status":"closed","ping_status":"closed","sticky":false,"template":"","format":"standard","meta":{"footnotes":""},"categories":[686],"tags":[749,1597,1575,1600,1596,1567,1602,1601],"class_list":["post-13615","post","type-post","status-publish","format-standard","hentry","category-trendek","tag-trend","tag-alacsony","tag-alkat","tag-forma","tag-magas","tag-makeover","tag-overall","tag-rihoouha"],"_links":{"self":[{"href":"https:\/\/answear.hu\/blog\/wp-json\/wp\/v2\/posts\/13615","targetHints":{"allow":["GET"]}}],"collection":[{"href":"https:\/\/answear.hu\/blog\/wp-json\/wp\/v2\/posts"}],"about":[{"href":"https:\/\/answear.hu\/blog\/wp-json\/wp\/v2\/types\/post"}],"author":[{"embeddable":true,"href":"https:\/\/answear.hu\/blog\/wp-json\/wp\/v2\/users\/35"}],"replies":[{"embeddable":true,"href":"https:\/\/answear.hu\/blog\/wp-json\/wp\/v2\/comments?post=13615"}],"version-history":[{"count":3,"href":"https:\/\/answear.hu\/blog\/wp-json\/wp\/v2\/posts\/13615\/revisions"}],"predecessor-version":[{"id":15446,"href":"https:\/\/answear.hu\/blog\/wp-json\/wp\/v2\/posts\/13615\/revisions\/15446"}],"wp:attachment":[{"href":"https:\/\/answear.hu\/blog\/wp-json\/wp\/v2\/media?parent=13615"}],"wp:term":[{"taxonomy":"category","embeddable":true,"href":"https:\/\/answear.hu\/blog\/wp-json\/wp\/v2\/categories?post=13615"},{"taxonomy":"post_tag","embeddable":true,"href":"https:\/\/answear.hu\/blog\/wp-json\/wp\/v2\/tags?post=13615"}],"curies":[{"name":"wp","href":"https:\/\/api.w.org\/{rel}","templated":true}]}}