{"id":13608,"date":"2019-07-19T08:08:06","date_gmt":"2019-07-19T06:08:06","guid":{"rendered":"https:\/\/answear.hu\/blog\/?p=13608"},"modified":"2021-10-06T12:46:37","modified_gmt":"2021-10-06T10:46:37","slug":"homokora-alkat-stilus-atvaltoztatas-smink-2019-trendek","status":"publish","type":"post","link":"https:\/\/answear.hu\/blog\/homokora-alkat-stilus-atvaltoztatas-smink-2019-trendek\/13608","title":{"rendered":"Homok\u00f3ra alkatod van? Mutatjuk, hogyan hozhatod ki bel\u0151le a legt\u00f6bbet"},"content":{"rendered":"<span class=\"span-reading-time rt-reading-time\" style=\"display: block;\"><span class=\"rt-label rt-prefix\">Olvasd el, csak <\/span> <span class=\"rt-time\"> 2<\/span> <span class=\"rt-label rt-postfix\">perc<\/span><\/span><p>T\u00f6k\u00e9letes ar\u00e1nyok, \u00f6lt\u00f6zk\u00f6d\u00e9s \u00e9s \u00f6lt\u00f6ztet\u00e9s ter\u00e9n is rendk\u00edv\u00fcl ide\u00e1lis alkat. A der\u00e9kvonal, a mellek \u00e9s a cs\u00edp\u0151 homok\u00f3ra form\u00e1t alkotnak, ut\u00f3bbiak egym\u00e1shoz ar\u00e1nyosak, a der\u00e9kvonal pedig karcs\u00fabb. Nem csoda, hogy ezt az alkatot tartj\u00e1k a legn\u0151iesebbnek \u00e9s mind\u00f6ssze n\u00e9h\u00e1ny szab\u00e1lyt kell csak betartani a t\u00f6k\u00e9letes megjelen\u00e9s el\u00e9r\u00e9s\u00e9\u00e9rt. Profi stylistunk most h\u00e1rom szetten kereszt\u00fcl mutatja be, mi is \u00e1ll igaz\u00e1n j\u00f3l a homok\u00f3ra alkaton.<\/p>\n<p><!--more--><\/p>\n<p><img loading=\"lazy\" decoding=\"async\" class=\"aligncenter wp-image-13612 size-full\" src=\"https:\/\/answear.hu\/blog\/wp-content\/uploads\/2019\/07\/KOB23079.jpg\" alt=\"\" width=\"2048\" height=\"1365\" srcset=\"https:\/\/answear.hu\/blog\/wp-content\/uploads\/2019\/07\/KOB23079.jpg 2048w, https:\/\/answear.hu\/blog\/wp-content\/uploads\/2019\/07\/KOB23079-1043x695.jpg 1043w, https:\/\/answear.hu\/blog\/wp-content\/uploads\/2019\/07\/KOB23079-768x512.jpg 768w, https:\/\/answear.hu\/blog\/wp-content\/uploads\/2019\/07\/KOB23079-1536x1024.jpg 1536w, https:\/\/answear.hu\/blog\/wp-content\/uploads\/2019\/07\/KOB23079-272x182.jpg 272w, https:\/\/answear.hu\/blog\/wp-content\/uploads\/2019\/07\/KOB23079-300x200.jpg 300w, https:\/\/answear.hu\/blog\/wp-content\/uploads\/2019\/07\/KOB23079-1024x683.jpg 1024w, https:\/\/answear.hu\/blog\/wp-content\/uploads\/2019\/07\/KOB23079-620x413.jpg 620w\" sizes=\"auto, (max-width: 2048px) 100vw, 2048px\" \/><\/p>\n<p><strong>St\u00edlustippek 1<\/strong><\/p>\n<p>N\u0151ies \u00e9s laza \u2013 t\u00f6k\u00e9letes rohang\u00e1los viselet. A midi, mint\u00e1s must\u00e1rs\u00e1rga ruha kihangs\u00falyozza alkatod, viszont nem t\u00fal szexi. Farmerkab\u00e1ttal p\u00e1ros\u00edtva egyszer\u0171en t\u00f6k\u00e9letes a rohang\u00e1l\u00f3s h\u00e9tk\u00f6znapokon. A magassark\u00f3 csizma ebben a k\u00fcl\u00f6nleges \u00e1rnyalatban egy kis pluszt ad a szetthez. Ne feledd, hogy a kieg\u00e9sz\u00edt\u0151k sim\u00e1n lehetnek \u00e9l\u00e9nk sz\u00edn\u0171ek, nem kell mindig a nat\u00far \u00e1rnyalatokat prefer\u00e1lnod.<\/p>\n<p><img loading=\"lazy\" decoding=\"async\" class=\"size-large wp-image-13611 aligncenter\" src=\"https:\/\/answear.hu\/blog\/wp-content\/uploads\/2019\/07\/KOB23063-683x1024.jpg\" alt=\"\" width=\"620\" height=\"930\" srcset=\"https:\/\/answear.hu\/blog\/wp-content\/uploads\/2019\/07\/KOB23063-683x1024.jpg 683w, https:\/\/answear.hu\/blog\/wp-content\/uploads\/2019\/07\/KOB23063-463x695.jpg 463w, https:\/\/answear.hu\/blog\/wp-content\/uploads\/2019\/07\/KOB23063-768x1152.jpg 768w, https:\/\/answear.hu\/blog\/wp-content\/uploads\/2019\/07\/KOB23063-1024x1536.jpg 1024w, https:\/\/answear.hu\/blog\/wp-content\/uploads\/2019\/07\/KOB23063-200x300.jpg 200w, https:\/\/answear.hu\/blog\/wp-content\/uploads\/2019\/07\/KOB23063-620x930.jpg 620w, https:\/\/answear.hu\/blog\/wp-content\/uploads\/2019\/07\/KOB23063.jpg 1365w\" sizes=\"auto, (max-width: 620px) 100vw, 620px\" \/><\/p>\n<p><strong>St\u00edlustippek 2<\/strong><\/p>\n<p>Az over\u00e1ll \u00e1ltal\u00e1ban kem\u00e9ny di\u00f3 \u2013 nem mindenkinek \u00e1ll j\u00f3l \u00e9s sokszor divatkatasztr\u00f3f\u00e1hoz vezet visel\u00e9se. Persze nem a mi eset\u00fcnkben! Jelen esetben ez a vastagod\u00f3 sz\u00e1r\u00fa verzi\u00f3 \u2013 ami am\u00fagy hossz\u00edtja \u00e9s v\u00e9kony\u00edtja az alakot \u2013 p\u00e1ntos szand\u00e1llal \u00e9s egy men\u0151 t\u00e1sk\u00e1val kombin\u00e1lva, egyszer\u0171en szuper\u00fcl \u00e1ll modell\u00fcnknek. Eza\u00a0 viselet t\u00f6k\u00e9letes a forr\u00f3 ny\u00e1ri napokon, ak\u00e1r egy esti programhoz is j\u00f3l megy. A der\u00e9kr\u00e9szt egy \u00f6vvel hangs\u00falyoztuk ki \u00e9s itt j\u00f6n a l\u00e9nyeg: mindig tal\u00e1ld meg alkatodon azt az el\u0151ny\u00f6s r\u00e9szt, ami kiemelhetsz. Jelen esetben a lapos, karcs\u00fa der\u00e9kvonal az, ami a homok\u00f3ra alkat\u00faaknak szuper kiindul\u00f3pont.<\/p>\n<p><img loading=\"lazy\" decoding=\"async\" class=\"size-large wp-image-13610 aligncenter\" src=\"https:\/\/answear.hu\/blog\/wp-content\/uploads\/2019\/07\/KOB23029-683x1024.jpg\" alt=\"\" width=\"620\" height=\"930\" srcset=\"https:\/\/answear.hu\/blog\/wp-content\/uploads\/2019\/07\/KOB23029-683x1024.jpg 683w, https:\/\/answear.hu\/blog\/wp-content\/uploads\/2019\/07\/KOB23029-463x695.jpg 463w, https:\/\/answear.hu\/blog\/wp-content\/uploads\/2019\/07\/KOB23029-768x1152.jpg 768w, https:\/\/answear.hu\/blog\/wp-content\/uploads\/2019\/07\/KOB23029-1024x1536.jpg 1024w, https:\/\/answear.hu\/blog\/wp-content\/uploads\/2019\/07\/KOB23029-200x300.jpg 200w, https:\/\/answear.hu\/blog\/wp-content\/uploads\/2019\/07\/KOB23029-620x930.jpg 620w, https:\/\/answear.hu\/blog\/wp-content\/uploads\/2019\/07\/KOB23029.jpg 1365w\" sizes=\"auto, (max-width: 620px) 100vw, 620px\" \/><\/p>\n<p><strong>St\u00edlustippek 3<\/strong><\/p>\n<p>Ez a kedvenc\u00fcnk \u00e9s szerint\u00fcnk nem kell nagyon magyar\u00e1zni mi\u00e9rt. A piros kab\u00e1t energi\u00e1t sug\u00e1roz, a szaggatott farmer t\u00fckr\u00f6zi modell\u00fcnk szem\u00e9lyis\u00e9g\u00e9t, a men\u0151 sneaker pedig praktikumot ad a szetthez. A ballon laza \u00e9s k\u00e9nyelmes, m\u00e9gis magabiztosan lehet viselni. \u00c9s ne feledd, ahogy m\u00e1r eml\u00edtett\u00fck, emeld ki el\u0151nyeidet, most ism\u00e9t egy \u00f6vvel koron\u00e1ztuk meg a megjelen\u00e9st.<\/p>\n<p><img loading=\"lazy\" decoding=\"async\" class=\"size-large wp-image-13609 aligncenter\" src=\"https:\/\/answear.hu\/blog\/wp-content\/uploads\/2019\/07\/KOB22891-683x1024.jpg\" alt=\"\" width=\"620\" height=\"930\" srcset=\"https:\/\/answear.hu\/blog\/wp-content\/uploads\/2019\/07\/KOB22891-683x1024.jpg 683w, https:\/\/answear.hu\/blog\/wp-content\/uploads\/2019\/07\/KOB22891-463x695.jpg 463w, https:\/\/answear.hu\/blog\/wp-content\/uploads\/2019\/07\/KOB22891-768x1152.jpg 768w, https:\/\/answear.hu\/blog\/wp-content\/uploads\/2019\/07\/KOB22891-1024x1536.jpg 1024w, https:\/\/answear.hu\/blog\/wp-content\/uploads\/2019\/07\/KOB22891-200x300.jpg 200w, https:\/\/answear.hu\/blog\/wp-content\/uploads\/2019\/07\/KOB22891-620x930.jpg 620w, https:\/\/answear.hu\/blog\/wp-content\/uploads\/2019\/07\/KOB22891.jpg 1365w\" sizes=\"auto, (max-width: 620px) 100vw, 620px\" \/><\/p>\n","protected":false},"excerpt":{"rendered":"<p><span class=\"span-reading-time rt-reading-time\" style=\"display: block;\"><span class=\"rt-label rt-prefix\">Olvasd el, csak <\/span> <span class=\"rt-time\"> 2<\/span> <span class=\"rt-label rt-postfix\">perc<\/span><\/span>T\u00f6k\u00e9letes ar\u00e1nyok, \u00f6lt\u00f6zk\u00f6d\u00e9s \u00e9s \u00f6lt\u00f6ztet\u00e9s ter\u00e9n is rendk\u00edv\u00fcl ide\u00e1lis alkat. A der\u00e9kvonal, a mellek \u00e9s a cs\u00edp\u0151 homok\u00f3ra form\u00e1t alkotnak, ut\u00f3bbiak egym\u00e1shoz ar\u00e1nyosak, a der\u00e9kvonal pedig karcs\u00fabb. Nem csoda, hogy ezt az alkatot tartj\u00e1k a legn\u0151iesebbnek \u00e9s mind\u00f6ssze n\u00e9h\u00e1ny szab\u00e1lyt kell csak betartani a t\u00f6k\u00e9letes megjelen\u00e9s el\u00e9r\u00e9s\u00e9\u00e9rt. Profi stylistunk most h\u00e1rom szetten kereszt\u00fcl mutatja be, &hellip; <a href=\"https:\/\/answear.hu\/blog\/homokora-alkat-stilus-atvaltoztatas-smink-2019-trendek\/13608\" class=\"more-link\"><span class=\"screen-reader-text\">Homok\u00f3ra alkatod van? Mutatjuk, hogyan hozhatod ki bel\u0151le a legt\u00f6bbet<\/span> r\u00e9szletei&#8230;<\/a><\/p>\n","protected":false},"author":35,"featured_media":0,"comment_status":"closed","ping_status":"closed","sticky":false,"template":"","format":"standard","meta":{"footnotes":""},"categories":[686],"tags":[841,917,749,1575,1131,1600,1592,1567,1133],"class_list":["post-13608","post","type-post","status-publish","format-standard","hentry","category-trendek","tag-midi","tag-stilus","tag-trend","tag-alkat","tag-farmer","tag-forma","tag-homokora","tag-makeover","tag-ruha"],"_links":{"self":[{"href":"https:\/\/answear.hu\/blog\/wp-json\/wp\/v2\/posts\/13608","targetHints":{"allow":["GET"]}}],"collection":[{"href":"https:\/\/answear.hu\/blog\/wp-json\/wp\/v2\/posts"}],"about":[{"href":"https:\/\/answear.hu\/blog\/wp-json\/wp\/v2\/types\/post"}],"author":[{"embeddable":true,"href":"https:\/\/answear.hu\/blog\/wp-json\/wp\/v2\/users\/35"}],"replies":[{"embeddable":true,"href":"https:\/\/answear.hu\/blog\/wp-json\/wp\/v2\/comments?post=13608"}],"version-history":[{"count":3,"href":"https:\/\/answear.hu\/blog\/wp-json\/wp\/v2\/posts\/13608\/revisions"}],"predecessor-version":[{"id":14281,"href":"https:\/\/answear.hu\/blog\/wp-json\/wp\/v2\/posts\/13608\/revisions\/14281"}],"wp:attachment":[{"href":"https:\/\/answear.hu\/blog\/wp-json\/wp\/v2\/media?parent=13608"}],"wp:term":[{"taxonomy":"category","embeddable":true,"href":"https:\/\/answear.hu\/blog\/wp-json\/wp\/v2\/categories?post=13608"},{"taxonomy":"post_tag","embeddable":true,"href":"https:\/\/answear.hu\/blog\/wp-json\/wp\/v2\/tags?post=13608"}],"curies":[{"name":"wp","href":"https:\/\/api.w.org\/{rel}","templated":true}]}}