{"id":13559,"date":"2019-06-04T14:02:23","date_gmt":"2019-06-04T12:02:23","guid":{"rendered":"https:\/\/answear.hu\/blog\/?p=13559"},"modified":"2021-10-06T18:22:10","modified_gmt":"2021-10-06T16:22:10","slug":"trendszinek-nyari-ruha-trend","status":"publish","type":"post","link":"https:\/\/answear.hu\/blog\/trendszinek-nyari-ruha-trend\/13559","title":{"rendered":"Sz\u00ednk\u00f3d? Ezek a legtrendibb \u00e1rnyalatok a szezonban"},"content":{"rendered":"<span class=\"span-reading-time rt-reading-time\" style=\"display: block;\"><span class=\"rt-label rt-prefix\">Olvasd el, csak <\/span> <span class=\"rt-time\"> 3<\/span> <span class=\"rt-label rt-postfix\">perc<\/span><\/span><p>S\u00e1rga bl\u00e9zer \u00e9s r\u00f3zsasz\u00edn t\u00e1ska? K\u00e9k-piros cip\u0151? A sz\u00ednek hatalmas er\u0151t hordoznak magukban, ne f\u00e9lj haszn\u00e1lni \u0151ket. J\u00e1tssz az \u00e1rnylatokkal, keverd \u0151ket \u00e9s tal\u00e1ld meg saj\u00e1t sz\u00ednk\u00f3dodat.<!--more--><\/p>\n<p><img loading=\"lazy\" decoding=\"async\" class=\"size-large wp-image-13560 aligncenter\" src=\"https:\/\/answear.hu\/blog\/wp-content\/uploads\/2019\/06\/5-1024x1024.png\" alt=\"\" width=\"620\" height=\"620\" srcset=\"https:\/\/answear.hu\/blog\/wp-content\/uploads\/2019\/06\/5-1024x1024.png 1024w, https:\/\/answear.hu\/blog\/wp-content\/uploads\/2019\/06\/5-695x695.png 695w, https:\/\/answear.hu\/blog\/wp-content\/uploads\/2019\/06\/5-768x768.png 768w, https:\/\/answear.hu\/blog\/wp-content\/uploads\/2019\/06\/5-45x45.png 45w, https:\/\/answear.hu\/blog\/wp-content\/uploads\/2019\/06\/5-150x150.png 150w, https:\/\/answear.hu\/blog\/wp-content\/uploads\/2019\/06\/5-300x300.png 300w, https:\/\/answear.hu\/blog\/wp-content\/uploads\/2019\/06\/5-620x620.png 620w, https:\/\/answear.hu\/blog\/wp-content\/uploads\/2019\/06\/5.png 1080w\" sizes=\"auto, (max-width: 620px) 100vw, 620px\" \/><\/p>\n<p><strong>Mit jelentenek a sz\u00ednek a megjelen\u00e9sedben? <\/strong><\/p>\n<p>Minden sz\u00ednnek van egy m\u00e9lyebb jelent\u00e9se \u00e9s az \u00e1rnyalatok, amiket visel\u00fcnk, \u00e1rulkodnak hangulatunkr\u00f3l, probl\u00e9m\u00e1inkr\u00f3l \u00e9s sz\u00fcks\u00e9gleteinkr\u0151l. Ha er\u0151t \u00e9s magabiztoss\u00e1got sug\u00e1rozn\u00e1l, v\u00e1lassz pirosat. Ha vonz\u00f3 \u00e9s ellen\u00e1llhatatlan akarsz lenni, v\u00e1laszd a k\u00e9ket. Nem hi\u00e1ba haszn\u00e1lj\u00e1k el\u0151szeretettel ezt a sz\u00ednt az \u00fczleti \u00e9letben. Ut\u00f3bbit kombin\u00e1lhatod sz\u00fcrk\u00e9vel, \u00edgy kihangs\u00falyozhatod el\u0151nyeidet \u00e9s kifinomults\u00e1godat. Az szoci\u00e1lisan \u00e9s emocion\u00e1lisan \u00e9rz\u00e9kenyek im\u00e1dj\u00e1k a s\u00e1rg\u00e1t \u00e9s narancss\u00e1rg\u00e1t viselni. A z\u00f6ldet f\u0151leg a nagyvonal\u00fa \u00e9s kiegyens\u00falyozott emberek hordj\u00e1k &#8211; b\u00e1tran kapd fel, ha azt akarod, hogy \u0151szint\u00e9nek \u00e9s nyugodtnak gondoljanak. A kiegyens\u00falyozotts\u00e1ggal \u00e9s j\u00f3sz\u00edv\u0171s\u00e9ggel sokszor a bronz \u00e1rnyalatokat azonos\u00edtj\u00e1k, azonban olykor a konzervat\u00edv \u00e9s unalmas jelz\u0151k is jellemz\u0151ek a hasonl\u00f3 sz\u00edneket visel\u0151kre \u2013 pont ez\u00e9rt csak keveset vielj bel\u0151le \u00e9s mixeld m\u00e1s \u00e1rnyalatokkal. A feh\u00e9r a tisztas\u00e1got jelenti, sokszor \u00fcnnepekhez k\u00f6tik visel\u00e9s\u00e9t \u00e9s rendk\u00edv\u00fcli m\u00f3don kiemeli a b\u0151rsz\u00ednt, \u00edgy nem \u00e9rt ha \u00f3vatosan b\u00e1nsz vele. Feket\u00e9vel kombin\u00e1lva id\u0151tlen \u00e9s eleg\u00e1ns megjelen\u00e9st biztos\u00edt, de ne ess t\u00falz\u00e1sokba, mert k\u00f6nnyen \u00e1tlend\u00fclhetsz a l\u00f3 m\u00e1sik oldal\u00e1ra. A luxus \u00e9s j\u00f3l\u00e9t sz\u00edne pedig \u00a0a lila: p\u00e9ld\u00e1ul egy partira, esem\u00e9nyre t\u00f6k\u00e9letes v\u00e1laszt\u00e1s egy ilyen \u00e1rnyalat\u00fa ruha.<\/p>\n<p><img loading=\"lazy\" decoding=\"async\" class=\"alignnone size-full wp-image-24770\" src=\"https:\/\/answear.com\/blog\/wp-content\/uploads\/2019\/06\/1.jpg\" sizes=\"auto, (max-width: 920px) 100vw, 920px\" srcset=\"https:\/\/answear.com\/blog\/wp-content\/uploads\/2019\/06\/1.jpg 920w, https:\/\/answear.com\/blog\/wp-content\/uploads\/2019\/06\/1-610x184.jpg 610w, https:\/\/answear.com\/blog\/wp-content\/uploads\/2019\/06\/1-768x232.jpg 768w, https:\/\/answear.com\/blog\/wp-content\/uploads\/2019\/06\/1-640x193.jpg 640w\" alt=\"kolorowe ubrania\" width=\"920\" height=\"278\" \/><\/p>\n<p><a href=\"https:\/\/answear.com\/16045https:\/\/answear.hu\/1604566-answear-kiskabat-secret-garden.html66-answear-zakiet-secret-garden.html\">1.Kiskab\u00e1t, Answear<\/a>\u00a0<a href=\"https:\/\/answear.hu\/1697101-medicine-ruha-summer-tropic.html\">2.Ruha, Medicine<\/a>\u00a0<a href=\"https:\/\/answear.hu\/1684572-liu-jo-ruha.html\">3.Ruha, Liu Jo<\/a>\u00a0<a href=\"https:\/\/answear.hu\/1637999-mango-overal-hebi2.html\">4.Over\u00e1ll, Mango<\/a>\u00a0<a href=\"https:\/\/answear.com\/1711245-tommy-jeans-bluza.htmlhttps:\/\/answear.hu\/p\/puloverek-206-k.html\/puloverek\/p-1\/r-60\/o-n\">5.Pul\u00f3ver, Tommy Jeans<\/a><\/p>\n<p>Term\u00e9szetesen a sz\u00edn mag\u00e1ban nem minden. Rengeteg m\u00falik a megfelel\u0151 \u00e1rnyalat kiv\u00e1laszt\u00e1s\u00e1n, intenzit\u00e1s\u00e1n, az ar\u00e1nyokon \u00e9s a sz\u00ednek kombin\u00e1ci\u00f3j\u00e1n.<\/p>\n<p><strong>Mit sz\u00f3lsz a colour-blocking-hoz? <\/strong><\/p>\n<p>Most m\u00e1r k\u00e9pben vagy az egyes sz\u00ednek jelent\u00e9sevel, biztosan a kedvenced is megvan, ideje \u0151ket kombin\u00e1lni. Val\u00f3sz\u00edn\u00fcleg egyb\u0151l a konrasztos \u00e1rnyalatok mixel\u00e9s\u00e9re menn\u00e9l r\u00e1, ugye? Ezek persze t\u00f6k\u00e9letesen mutatnak egy\u00fctt, vonzz\u00e1k a szemet \u00e9s kiemelnek a t\u00f6megb\u0151l. Nincs is jobb m\u00f3dja, hogy energikus \u00e9s j\u00f3 hangulat\u00fa szettet var\u00e1zsolj magadnak.<\/p>\n<p>Azonban n\u00e9h\u00e1ny szab\u00e1lyt itt is szem el\u0151tt kell tartanod, Mindenek el\u0151tt v\u00e1lassz komplementer sz\u00edneket, amik harmoniz\u00e1lnak egym\u00e1ssal. A s\u00e1rga j\u00f3l mutat a lil\u00e1val, a narancs a kobaltk\u00e9kkel, a pink pedig a pirossal. Hagyd, hogy a sz\u00ednek ir\u00e1ny\u00edts\u00e1k a megjelen\u00e9sed \u00e9s b\u00e1nk \u00f3vatosan a fazonokkal. B\u00edzd magad a fant\u00e1zi\u00e1dra, hagyd, hogy a st\u00edlusod \u00e1tvegye az ir\u00e1ny\u00edt\u00e1st: egy lefel\u00e9 b\u0151v\u00fcl\u0151 szoknya bl\u00fazzal, nadr\u00e1gkoszt\u00fcm egy nagyobb k\u00e9zit\u00e1sk\u00e1val, oversized kab\u00e1t egy cigarettanadr\u00e1ggal csak n\u00e9h\u00e1ny tuti tipp, amivel elindulhatsz. Tal\u00e1ld meg a saj\u00e1t sz\u00ednk\u00f3dod \u00e9s hagyd, hogy azzal azonos\u00edtsnaka.<\/p>\n<p><img loading=\"lazy\" decoding=\"async\" class=\"alignnone size-full wp-image-24771\" src=\"https:\/\/answear.com\/blog\/wp-content\/uploads\/2019\/06\/2.jpg\" sizes=\"auto, (max-width: 920px) 100vw, 920px\" srcset=\"https:\/\/answear.com\/blog\/wp-content\/uploads\/2019\/06\/2.jpg 920w, https:\/\/answear.com\/blog\/wp-content\/uploads\/2019\/06\/2-610x184.jpg 610w, https:\/\/answear.com\/blog\/wp-content\/uploads\/2019\/06\/2-768x232.jpg 768w, https:\/\/answear.com\/blog\/wp-content\/uploads\/2019\/06\/2-640x193.jpg 640w\" alt=\"\" width=\"920\" height=\"278\" \/><\/p>\n<p><a href=\"https:\/\/answear.hu\/1513789-pinko-overal.html\">1.Over\u00e1ll, Pinko<\/a>\u00a0<a href=\"https:\/\/answear.hu\/1338466-medicine-ruha-2-secret-garden.html\">2.Ruha, Medicine\u00a0<\/a><a href=\"https:\/\/answear.hu\/1571603-tommy-jeans-top.html\">3.Top, Tommy Jeans<\/a><a href=\"https:\/\/answear.hu\/1710777-answear-kiskabat.html\">\u00a04.Bl\u00e9zer, Answear<\/a>\u00a0<a href=\"https:\/\/answear.hu\/1697587-only-nadrag.html\">5.Nadr\u00e1g, Only<\/a><\/p>\n<p><img loading=\"lazy\" decoding=\"async\" class=\"alignnone size-full wp-image-24772\" src=\"https:\/\/answear.com\/blog\/wp-content\/uploads\/2019\/06\/3.jpg\" sizes=\"auto, (max-width: 920px) 100vw, 920px\" srcset=\"https:\/\/answear.com\/blog\/wp-content\/uploads\/2019\/06\/3.jpg 920w, https:\/\/answear.com\/blog\/wp-content\/uploads\/2019\/06\/3-610x193.jpg 610w, https:\/\/answear.com\/blog\/wp-content\/uploads\/2019\/06\/3-768x243.jpg 768w, https:\/\/answear.com\/blog\/wp-content\/uploads\/2019\/06\/3-640x202.jpg 640w\" alt=\"\" width=\"920\" height=\"291\" \/><\/p>\n<p><a href=\"https:\/\/answear.hu\/1651022-tally-weijl-kezitaska.html\">1.T\u00e1ska, Tally Weijl\u00a0<\/a><a href=\"https:\/\/answear.hu\/1622548-lauren-ralph-lauren-ketoldalas-taska.html\">2.T\u00e1ska, Lauren Ralph Lauren<\/a>\u00a0<a href=\"https:\/\/answear.hu\/1636355-fila-cipo-disruptor-low.html\">3.Cip\u0151, Fila<\/a>\u00a0<a href=\"https:\/\/answear.hu\/1659521-baldowski-szandal.html\">4.Szand\u00e1l, Baldowski<\/a>\u00a0<a href=\"https:\/\/answear.hu\/1685926-tommy-hilfiger-espadrilles.html\">5.Espadrilla, Tommy Hilfiger<\/a><\/p>\n","protected":false},"excerpt":{"rendered":"<p><span class=\"span-reading-time rt-reading-time\" style=\"display: block;\"><span class=\"rt-label rt-prefix\">Olvasd el, csak <\/span> <span class=\"rt-time\"> 3<\/span> <span class=\"rt-label rt-postfix\">perc<\/span><\/span>S\u00e1rga bl\u00e9zer \u00e9s r\u00f3zsasz\u00edn t\u00e1ska? K\u00e9k-piros cip\u0151? A sz\u00ednek hatalmas er\u0151t hordoznak magukban, ne f\u00e9lj haszn\u00e1lni \u0151ket. J\u00e1tssz az \u00e1rnylatokkal, keverd \u0151ket \u00e9s tal\u00e1ld meg saj\u00e1t sz\u00ednk\u00f3dodat.<\/p>\n","protected":false},"author":35,"featured_media":0,"comment_status":"closed","ping_status":"closed","sticky":false,"template":"","format":"standard","meta":{"footnotes":""},"categories":[686],"tags":[892,1394,1035,1578],"class_list":["post-13559","post","type-post","status-publish","format-standard","hentry","category-trendek","tag-divat","tag-divatos-kiegeszitok","tag-nyari-ruha","tag-trendszin"],"_links":{"self":[{"href":"https:\/\/answear.hu\/blog\/wp-json\/wp\/v2\/posts\/13559","targetHints":{"allow":["GET"]}}],"collection":[{"href":"https:\/\/answear.hu\/blog\/wp-json\/wp\/v2\/posts"}],"about":[{"href":"https:\/\/answear.hu\/blog\/wp-json\/wp\/v2\/types\/post"}],"author":[{"embeddable":true,"href":"https:\/\/answear.hu\/blog\/wp-json\/wp\/v2\/users\/35"}],"replies":[{"embeddable":true,"href":"https:\/\/answear.hu\/blog\/wp-json\/wp\/v2\/comments?post=13559"}],"version-history":[{"count":3,"href":"https:\/\/answear.hu\/blog\/wp-json\/wp\/v2\/posts\/13559\/revisions"}],"predecessor-version":[{"id":15448,"href":"https:\/\/answear.hu\/blog\/wp-json\/wp\/v2\/posts\/13559\/revisions\/15448"}],"wp:attachment":[{"href":"https:\/\/answear.hu\/blog\/wp-json\/wp\/v2\/media?parent=13559"}],"wp:term":[{"taxonomy":"category","embeddable":true,"href":"https:\/\/answear.hu\/blog\/wp-json\/wp\/v2\/categories?post=13559"},{"taxonomy":"post_tag","embeddable":true,"href":"https:\/\/answear.hu\/blog\/wp-json\/wp\/v2\/tags?post=13559"}],"curies":[{"name":"wp","href":"https:\/\/api.w.org\/{rel}","templated":true}]}}