{"id":13487,"date":"2019-04-26T17:25:51","date_gmt":"2019-04-26T15:25:51","guid":{"rendered":"https:\/\/answear.hu\/blog\/?p=13487"},"modified":"2021-10-06T18:20:41","modified_gmt":"2021-10-06T16:20:41","slug":"mini-vagy-maxi-valassz-stilust","status":"publish","type":"post","link":"https:\/\/answear.hu\/blog\/mini-vagy-maxi-valassz-stilust\/13487","title":{"rendered":"Mini vagy maxi? V\u00e1lassz st\u00edlust"},"content":{"rendered":"<span class=\"span-reading-time rt-reading-time\" style=\"display: block;\"><span class=\"rt-label rt-prefix\">Olvasd el, csak <\/span> <span class=\"rt-time\"> 3<\/span> <span class=\"rt-label rt-postfix\">perc<\/span><\/span><p>Meg\u00e9rkezett a ruh\u00e1k szezonja!\u00a0 Mini, maxi, vagy tal\u00e1n valami m\u00e1st szeretn\u00e9l? Sokf\u00e9le hossz \u00e9s m\u00e9g t\u00f6bbf\u00e9le trend \u00e9s fazon&#8230; N\u00e9zd meg, melyik tetszik neked!<!--more--><\/p>\n<p>&nbsp;<\/p>\n<p><img loading=\"lazy\" decoding=\"async\" class=\"alignnone size-full wp-image-24350\" src=\"https:\/\/answear.com\/blog\/wp-content\/uploads\/2019\/04\/1-1.jpg\" sizes=\"auto, (max-width: 920px) 100vw, 920px\" srcset=\"https:\/\/answear.com\/blog\/wp-content\/uploads\/2019\/04\/1-1.jpg 920w, https:\/\/answear.com\/blog\/wp-content\/uploads\/2019\/04\/1-1-484x440.jpg 484w, https:\/\/answear.com\/blog\/wp-content\/uploads\/2019\/04\/1-1-768x699.jpg 768w\" alt=\"sukienki 2019\" width=\"920\" height=\"837\" \/><\/p>\n<p><strong>Mini?<\/strong><\/p>\n<p>B\u00e1r ma nem tudod elk\u00e9pzelni az \u00e9leted a mini szoknya n\u00e9k\u00fcl, azt tudod, hogy p\u00e1r \u00e9vtizeddel ezel\u0151tt ez a divat elk\u00e9pzelhetetlen volt? A mini ruha \u00e9s a miniszoknya az 1950-es \u00e9vek v\u00e9g\u00e9n jelent meg. Azonnal n\u00e9pszer\u00e1v\u00e9 v\u00e1lt, de ugyanannyian ellenezt\u00e9k is &#8211; a n\u0151k szerett\u00e9k a szokny\u00e1t, amely hangs\u00falyozta a l\u00e1bakat, m\u00edg voltak, akik erk\u00f6lcstelennek tartott\u00e1k ezt a viseletet. A mini egy igazi forradalmi viselet lett \u00e9s most m\u00e1r a divatpaletta fontos szerepl\u00f6je lett.\u00a0 Sok verzi\u00f3ja van a sz\u0171k, a bodycon, A-vonal\u00fa, \u00e9s az oversize&#8230; Sok vari\u00e1ci\u00f3ja van, de \u00e9rdemes megjegyezni, hogy a mini nem mindenkinek el\u0151ny\u00f6s viselet. Ha form\u00e1s \u00e9s hossz\u00fa l\u00e1bad van, akkor b\u00e1tran viseld. Ha kicsit fur\u00e1n \u00e9rzed magad benne, akkor ink\u00e1bb a t\u00e9rd feletti hosszra voksolj.<\/p>\n<p>&nbsp;<\/p>\n<p><img loading=\"lazy\" decoding=\"async\" class=\"alignnone size-full wp-image-24353\" src=\"https:\/\/answear.com\/blog\/wp-content\/uploads\/2019\/04\/2-4.jpg\" sizes=\"auto, (max-width: 920px) 100vw, 920px\" srcset=\"https:\/\/answear.com\/blog\/wp-content\/uploads\/2019\/04\/2-4.jpg 920w, https:\/\/answear.com\/blog\/wp-content\/uploads\/2019\/04\/2-4-610x184.jpg 610w, https:\/\/answear.com\/blog\/wp-content\/uploads\/2019\/04\/2-4-768x232.jpg 768w, https:\/\/answear.com\/blog\/wp-content\/uploads\/2019\/04\/2-4-640x193.jpg 640w\" alt=\"\" width=\"920\" height=\"278\" \/><\/p>\n<p><a href=\"https:\/\/answear.hu\/1652983-noisy-may-ruha.html\">1.p\u00e1ntos, Noisy May<\/a>\u00a0<a href=\"https:\/\/answear.hu\/1662324-answear-ruha-great-escape.html\">2.Tr\u00f3pusi, Answear<\/a>\u00a0<a href=\"https:\/\/answear.hu\/1670514-answear-ruha-great-escape.html\">3.Vir\u00e1gos, Answear<\/a>\u00a0<a href=\"https:\/\/answear.hu\/1667054-silvian-heach-ruha.html\">4.Farmer, Silvian Heach<\/a>\u00a0<a href=\"https:\/\/answear.hu\/1686390-g-star-raw-ruha.html\">5.Feh\u00e9r, G-Star Raw<\/a><\/p>\n<p><strong>Maxi?<\/strong><\/p>\n<p>Hossz\u00fa \u00e9s nagyon n\u0151ies &#8230; A maxi ruha t\u00f6bb \u00e9vszakban is j\u00f3 v\u00e1laszt\u00e1s att\u00f3l f\u00fcgg, hogy milyen a sz\u00edn az anyag \u00e9s a szab\u00e1s. A boh\u00e9m st\u00edlus k\u00e9pvisel\u0151i im\u00e1dj\u00e1k a fodros lenge v\u00e1ltozat\u00e1t.A szt\u00e1rok is kedvelik f\u0151leg a v\u00f6r\u00f6s sz\u0151nyegen a hossz\u00fa ruh\u00e1kat, de az is k\u00f6zkedvelt viselet a divat guruk k\u00f6z\u00f6tt, hogy egy maxi szokny\u00e1hoz eleg\u00e1ns, csilli fels\u0151t vegyenek fel, \u00edgy dobj\u00e1k fel az utcai viselet\u00fcket. Mikor viselj maxit? A hossz\u00fa ruha egy tavaszi partira vagy esk\u00fcv\u0151re is j\u00f3 v\u00e1laszt\u00e1s, de egy r\u00f6vid pol\u00f3val a munkahelyen is viselheted, \u00e9s egy k\u00f6t\u00f6tt maxi sport cip\u0151vel szint\u00e9n tuti v\u00e1laszt\u00e1s v\u00e1rosi s\u00e9t\u00e1ra.<\/p>\n<p>&nbsp;<\/p>\n<p><img loading=\"lazy\" decoding=\"async\" class=\"alignnone size-full wp-image-24354\" src=\"https:\/\/answear.com\/blog\/wp-content\/uploads\/2019\/04\/3-4.jpg\" sizes=\"auto, (max-width: 920px) 100vw, 920px\" srcset=\"https:\/\/answear.com\/blog\/wp-content\/uploads\/2019\/04\/3-4.jpg 920w, https:\/\/answear.com\/blog\/wp-content\/uploads\/2019\/04\/3-4-610x185.jpg 610w, https:\/\/answear.com\/blog\/wp-content\/uploads\/2019\/04\/3-4-768x233.jpg 768w, https:\/\/answear.com\/blog\/wp-content\/uploads\/2019\/04\/3-4-640x194.jpg 640w\" alt=\"\" width=\"920\" height=\"279\" \/><\/p>\n<p><a href=\"https:\/\/answear.hu\/1650778-vila-ruha.html\">1.k\u00e9k est\u00e9lyi, Vila<\/a>\u00a0<a href=\"https:\/\/answear.hu\/1622435-haily-s-ruha.html\">2.p\u00e1rducos, Haily\u2019s<\/a>\u00a0<a href=\"https:\/\/answear.hu\/1669434-answear-ruha-great-escape.html\">3.Tr\u00f3pusi, Answear<\/a>\u00a0<a href=\"https:\/\/answear.com\/1618964-silvian-heach-sukienka.html\">4.csikos, Silvian Heach<\/a>\u00a0<a href=\"https:\/\/answear.hu\/1653053-glamorous-ruha.html\">5.Lila, Glamorous<\/a><\/p>\n<p><img loading=\"lazy\" decoding=\"async\" class=\"alignnone size-full wp-image-24351\" src=\"https:\/\/answear.com\/blog\/wp-content\/uploads\/2019\/04\/4-4.jpg\" sizes=\"auto, (max-width: 920px) 100vw, 920px\" srcset=\"https:\/\/answear.com\/blog\/wp-content\/uploads\/2019\/04\/4-4.jpg 920w, https:\/\/answear.com\/blog\/wp-content\/uploads\/2019\/04\/4-4-610x387.jpg 610w, https:\/\/answear.com\/blog\/wp-content\/uploads\/2019\/04\/4-4-768x488.jpg 768w, https:\/\/answear.com\/blog\/wp-content\/uploads\/2019\/04\/4-4-640x406.jpg 640w\" alt=\"modne sukienki answear\" width=\"920\" height=\"584\" \/><\/p>\n<p><strong>Vagy ink\u00e1bb midi?<\/strong><\/p>\n<p>Nem akarod mutogatni a l\u00e1badat, de a hossz\u00fa ruha m\u00e1r nem annyira k\u00e9nyelmes viselet sz\u00e1modra? V\u00e1lassz egy divatos k\u00f6ztes megold\u00e1st &#8211; a midi ruh\u00e1t, amit m\u00e9g a divat guruk \u00e9s a divattervez\u0151k is aj\u00e1nljanak, mert a hossza nemcsak eleg\u00e1ns, hanem praktikus is. A retro st\u00edlus rajong\u00f3i \u00f6r\u00fclhetnek. A testre szabott midi kiemeli az alakod. A mint\u00e1s egy must have lesz ezen a ny\u00e1ron. V\u00e1lassz hozz\u00e1 divatos \u00a0szand\u00e1lt \u00e9s szalma t\u00e1sk\u00e1t, \u00e9s mindenki im\u00e1dni fog.<\/p>\n<p><img loading=\"lazy\" decoding=\"async\" class=\"alignnone size-full wp-image-24355\" src=\"https:\/\/answear.com\/blog\/wp-content\/uploads\/2019\/04\/5-4.jpg\" sizes=\"auto, (max-width: 920px) 100vw, 920px\" srcset=\"https:\/\/answear.com\/blog\/wp-content\/uploads\/2019\/04\/5-4.jpg 920w, https:\/\/answear.com\/blog\/wp-content\/uploads\/2019\/04\/5-4-610x182.jpg 610w, https:\/\/answear.com\/blog\/wp-content\/uploads\/2019\/04\/5-4-768x230.jpg 768w, https:\/\/answear.com\/blog\/wp-content\/uploads\/2019\/04\/5-4-640x191.jpg 640w\" alt=\"\" width=\"920\" height=\"275\" \/><\/p>\n<p><a href=\"https:\/\/answear.hu\/1653010-pepe-jeans-ruha-candela.html\">1.vir\u00e1gos, Pepe Jeans<\/a>\u00a0<a href=\"https:\/\/answear.com\/1562624-silvian-heach-sukienka.html\">2.Sukienka, Silvian Heach<\/a>\u00a0<a href=\"https:\/\/answear.hu\/1640817-medicine-ruha-rust-earth.html\">3.oliva, Medicine<\/a>\u00a0<a href=\"https:\/\/answear.hu\/1647326-answear-ruha.html\">4.kock\u00e1s, Answear<\/a>\u00a0<a href=\"https:\/\/answear.hu\/1650825-kappa-ruha.html\">5.Sportos, Kappa<\/a><\/p>\n<p>&nbsp;<\/p>\n<p>&nbsp;<\/p>\n<p>&nbsp;<\/p>\n<p>&nbsp;<\/p>\n","protected":false},"excerpt":{"rendered":"<p><span class=\"span-reading-time rt-reading-time\" style=\"display: block;\"><span class=\"rt-label rt-prefix\">Olvasd el, csak <\/span> <span class=\"rt-time\"> 3<\/span> <span class=\"rt-label rt-postfix\">perc<\/span><\/span>Meg\u00e9rkezett a ruh\u00e1k szezonja!\u00a0 Mini, maxi, vagy tal\u00e1n valami m\u00e1st szeretn\u00e9l? Sokf\u00e9le hossz \u00e9s m\u00e9g t\u00f6bbf\u00e9le trend \u00e9s fazon&#8230; N\u00e9zd meg, melyik tetszik neked!<\/p>\n","protected":false},"author":32,"featured_media":0,"comment_status":"closed","ping_status":"closed","sticky":false,"template":"","format":"standard","meta":{"footnotes":""},"categories":[686],"tags":[],"class_list":["post-13487","post","type-post","status-publish","format-standard","hentry","category-trendek"],"_links":{"self":[{"href":"https:\/\/answear.hu\/blog\/wp-json\/wp\/v2\/posts\/13487","targetHints":{"allow":["GET"]}}],"collection":[{"href":"https:\/\/answear.hu\/blog\/wp-json\/wp\/v2\/posts"}],"about":[{"href":"https:\/\/answear.hu\/blog\/wp-json\/wp\/v2\/types\/post"}],"author":[{"embeddable":true,"href":"https:\/\/answear.hu\/blog\/wp-json\/wp\/v2\/users\/32"}],"replies":[{"embeddable":true,"href":"https:\/\/answear.hu\/blog\/wp-json\/wp\/v2\/comments?post=13487"}],"version-history":[{"count":2,"href":"https:\/\/answear.hu\/blog\/wp-json\/wp\/v2\/posts\/13487\/revisions"}],"predecessor-version":[{"id":15438,"href":"https:\/\/answear.hu\/blog\/wp-json\/wp\/v2\/posts\/13487\/revisions\/15438"}],"wp:attachment":[{"href":"https:\/\/answear.hu\/blog\/wp-json\/wp\/v2\/media?parent=13487"}],"wp:term":[{"taxonomy":"category","embeddable":true,"href":"https:\/\/answear.hu\/blog\/wp-json\/wp\/v2\/categories?post=13487"},{"taxonomy":"post_tag","embeddable":true,"href":"https:\/\/answear.hu\/blog\/wp-json\/wp\/v2\/tags?post=13487"}],"curies":[{"name":"wp","href":"https:\/\/api.w.org\/{rel}","templated":true}]}}