{"id":13472,"date":"2019-04-12T18:10:28","date_gmt":"2019-04-12T16:10:28","guid":{"rendered":"https:\/\/answear.hu\/blog\/?p=13472"},"modified":"2021-10-06T18:21:00","modified_gmt":"2021-10-06T16:21:00","slug":"pasztellben-jon-a-husvet","status":"publish","type":"post","link":"https:\/\/answear.hu\/blog\/pasztellben-jon-a-husvet\/13472","title":{"rendered":"Pasztellben j\u00f6n a H\u00fasv\u00e9t"},"content":{"rendered":"<span class=\"span-reading-time rt-reading-time\" style=\"display: block;\"><span class=\"rt-label rt-prefix\">Olvasd el, csak <\/span> <span class=\"rt-time\"> 3<\/span> <span class=\"rt-label rt-postfix\">perc<\/span><\/span><p>K\u00f6zeleg a H\u00fasv\u00e9t! \u00dcnnepi diszbe \u00f6lt\u00f6ztetj\u00fck otthonunkat \u00e9s ne feledkezz\u00fcnk el magunkr\u00f3l sem. Friss, tavaszi pasztell hangulat\u00fa divat tippjeink k\u00f6vetkeznek.<!--more--><\/p>\n<p>A term\u00e9szet megmutatja, hogy mik a tavaszi divat szinek, hiszen a levelek z\u00f6ldj\u00e9n\u00e9l nincs is frissebb hangulat\u00fa szin a divat palett\u00e1n sem. De vir\u00e1gok harmatos pinkje \u00e9s k\u00e9kje is visszak\u00f6sz\u00f6nhet \u00f6lt\u00f6zet\u00fcnkben.<\/p>\n<p>&nbsp;<\/p>\n<p><img loading=\"lazy\" decoding=\"async\" class=\"alignnone size-full wp-image-24243\" src=\"https:\/\/answear.com\/blog\/wp-content\/uploads\/2019\/04\/1.jpg\" sizes=\"auto, (max-width: 920px) 100vw, 920px\" srcset=\"https:\/\/answear.com\/blog\/wp-content\/uploads\/2019\/04\/1.jpg 920w, https:\/\/answear.com\/blog\/wp-content\/uploads\/2019\/04\/1-610x334.jpg 610w, https:\/\/answear.com\/blog\/wp-content\/uploads\/2019\/04\/1-768x420.jpg 768w, https:\/\/answear.com\/blog\/wp-content\/uploads\/2019\/04\/1-640x350.jpg 640w\" alt=\"co ubra\u0107 na wielkanoc\" width=\"920\" height=\"503\" \/><\/p>\n<p>&nbsp;<\/p>\n<p><strong>A pasztel nev\u00e9ben<\/strong><\/p>\n<p>Finom pasztel szinekben k\u00f6sz\u00f6ntheted a tavaszt. Mindenkinek j\u00f3l \u00e1ll, ha a k\u00f6nnyed anyag\u00fa ruha, l\u00e1gy tavaszi szinekben tobz\u00f3dik. A vil\u00e1gos k\u00e9k bl\u00fazokhoz remek v\u00e1laszt\u00e1s a most divatos kel z\u00f6ld szoknya. A lila, pink, k\u00e9k, z\u00f6ld, s\u00e1rga ezekben a finom pasztel \u00e1rnyalatokban b\u00e1tran keverhet\u0151ek, ha finom anyag\u00fa a ruha v\u00e1laszt\u00e1sunk.\u00a0 Alkalmi viseletnek is t\u00f6k\u00e9letes v\u00e1laszt\u00e1s. A finom pulcsihoz a b\u0151 szoknya j\u00f3l illik, igazi sportos viselet. A csikos a p\u00f6tty\u00f6ssel remek\u00fcl kombin\u00e1lhat\u00f3. Engedd szabadon a fant\u00e1zi\u00e1d!<\/p>\n<p>&nbsp;<\/p>\n<p><img loading=\"lazy\" decoding=\"async\" class=\"alignnone size-full wp-image-24233\" src=\"https:\/\/answear.com\/blog\/wp-content\/uploads\/2019\/04\/2-2.jpg\" sizes=\"auto, (max-width: 920px) 100vw, 920px\" srcset=\"https:\/\/answear.com\/blog\/wp-content\/uploads\/2019\/04\/2-2.jpg 920w, https:\/\/answear.com\/blog\/wp-content\/uploads\/2019\/04\/2-2-308x440.jpg 308w, https:\/\/answear.com\/blog\/wp-content\/uploads\/2019\/04\/2-2-768x1099.jpg 768w\" alt=\"pastelowe stylizacje\" width=\"920\" height=\"1316\" \/><\/p>\n<p><img loading=\"lazy\" decoding=\"async\" class=\"alignnone size-full wp-image-24234\" src=\"https:\/\/answear.com\/blog\/wp-content\/uploads\/2019\/04\/3-2.jpg\" sizes=\"auto, (max-width: 920px) 100vw, 920px\" srcset=\"https:\/\/answear.com\/blog\/wp-content\/uploads\/2019\/04\/3-2.jpg 920w, https:\/\/answear.com\/blog\/wp-content\/uploads\/2019\/04\/3-2-610x184.jpg 610w, https:\/\/answear.com\/blog\/wp-content\/uploads\/2019\/04\/3-2-768x231.jpg 768w, https:\/\/answear.com\/blog\/wp-content\/uploads\/2019\/04\/3-2-640x193.jpg 640w\" alt=\"\" width=\"920\" height=\"277\" \/><\/p>\n<p><a href=\"https:\/\/answear.hu\/1637860-mango-szoknya-ciara.html\">1.Szoknya, Mango<\/a>\u00a0<a href=\"https:\/\/answear.hu\/1622342-vila-nadrag.html\">2.Nadr\u00e1g, Vila<\/a>\u00a0<a href=\"https:\/\/answear.hu\/1648130-tommy-jeans-ing.html\">3.Ing, Tommy Jeans<\/a>\u00a0<a href=\"https:\/\/answear.hu\/p\/kereses\/q-SUD0JE\/k-4\/\">4.Ruha, Glamorous<\/a>\u00a0<a href=\"https:\/\/answear.hu\/1645269-tommy-jeans-felso.html\">5.Pulcsi, Tommy Jeans<\/a><\/p>\n<p>&nbsp;<\/p>\n<p><strong>Ballonban ballanszban<\/strong><\/p>\n<p>Ha m\u00e1r a t\u00e9li kab\u00e1todban meleged van, akkor itt az id\u0151 a v\u00e1lt\u00e1sra. Nem t\u00e9vedhetsz, ha anagy kalsszikust veted be, a ballon kab\u00e1tot. Most szinte vir\u00e1gkor\u00e1t \u00e9li ez a ruhadarabunk. \u00d6vvel \u00e1tfogva vagy lezseren viselve, szinte mindegy, hogy d\u00f6ntesz. Ha kicsit vaduln\u00e1l, akkor a kock\u00e1s verzi\u00f3t is bevetheted. Ebben biztosan felt\u0171n\u0151 leszel.<\/p>\n<p><img loading=\"lazy\" decoding=\"async\" class=\"alignnone size-full wp-image-24235\" src=\"https:\/\/answear.com\/blog\/wp-content\/uploads\/2019\/04\/4-2.jpg\" sizes=\"auto, (max-width: 920px) 100vw, 920px\" srcset=\"https:\/\/answear.com\/blog\/wp-content\/uploads\/2019\/04\/4-2.jpg 920w, https:\/\/answear.com\/blog\/wp-content\/uploads\/2019\/04\/4-2-308x440.jpg 308w, https:\/\/answear.com\/blog\/wp-content\/uploads\/2019\/04\/4-2-768x1099.jpg 768w\" alt=\"modny trencz\" width=\"920\" height=\"1316\" \/><\/p>\n<p><img loading=\"lazy\" decoding=\"async\" class=\"alignnone size-full wp-image-24236\" src=\"https:\/\/answear.com\/blog\/wp-content\/uploads\/2019\/04\/5-2.jpg\" sizes=\"auto, (max-width: 920px) 100vw, 920px\" srcset=\"https:\/\/answear.com\/blog\/wp-content\/uploads\/2019\/04\/5-2.jpg 920w, https:\/\/answear.com\/blog\/wp-content\/uploads\/2019\/04\/5-2-610x184.jpg 610w, https:\/\/answear.com\/blog\/wp-content\/uploads\/2019\/04\/5-2-768x232.jpg 768w, https:\/\/answear.com\/blog\/wp-content\/uploads\/2019\/04\/5-2-640x193.jpg 640w\" alt=\"\" width=\"920\" height=\"278\" \/><\/p>\n<p><a href=\"https:\/\/answear.hu\/1544381-answear-balonkabat.html\">1.Kab\u00e1t, Answear<\/a>\u00a0<a href=\"https:\/\/answear.hu\/1561458-only-kabat.html\">2.Ballon, Only\u00a0<\/a>\u00a0<a href=\"https:\/\/answear.hu\/1607534-answear-kabat.html\">3.Kock\u00e1s, Answear<\/a>\u00a0<a href=\"https:\/\/answear.hu\/p\/kereses\/q-KPD01A\/k-4\/\">4.Fodros, Vila\u00a0<\/a><a href=\"https:\/\/answear.hu\/1606244-only-balonkabat.html\">5.TGombos, Only<\/a><\/p>\n<p>&nbsp;<\/p>\n<p><strong>K\u00fcl\u00f6nlegess\u00e9gek a piacon\u00a0<\/strong><\/p>\n<p>M\u00e1r a pasztell ruha rajtad \u00e9s a ballon kab\u00e1t is bevet\u00e9sen, de m\u00e9g a t\u00f6k\u00e9letes tavaszi outfittedhez sz\u00fcks\u00e9ged lesz finom hangul\u00e1s\u00fa kieg\u00e9szit\u0151kre. Ne el\u00e9gedj meg unalmas kis t\u00e1sk\u00e1kkal \u00e9s cip\u0151kkel. Az idei trend l\u00e9nyege, hogy minden a r\u00e9szletekben rejlik. A t\u00e1sk\u00e1dnak legyen nem mindennapi form\u00e1ja vagy anyaga, ov\u00e1lis vagy \u00e1ttetsz\u0151, mind divatos id\u00e9n. A cip\u0151d sarka huncutul legyen kialakitva. A n\u00e9gysz\u00f6gletes form\u00e1k az \u00f6vek \u00faj trendje.<\/p>\n<p><img loading=\"lazy\" decoding=\"async\" class=\"alignnone size-full wp-image-24237\" src=\"https:\/\/answear.com\/blog\/wp-content\/uploads\/2019\/04\/6-2.jpg\" sizes=\"auto, (max-width: 920px) 100vw, 920px\" srcset=\"https:\/\/answear.com\/blog\/wp-content\/uploads\/2019\/04\/6-2.jpg 920w, https:\/\/answear.com\/blog\/wp-content\/uploads\/2019\/04\/6-2-322x440.jpg 322w, https:\/\/answear.com\/blog\/wp-content\/uploads\/2019\/04\/6-2-768x1050.jpg 768w\" alt=\"modne dodatki \" width=\"920\" height=\"1258\" \/><\/p>\n<p><img loading=\"lazy\" decoding=\"async\" class=\"alignnone size-full wp-image-24238\" src=\"https:\/\/answear.com\/blog\/wp-content\/uploads\/2019\/04\/7-2.jpg\" sizes=\"auto, (max-width: 920px) 100vw, 920px\" srcset=\"https:\/\/answear.com\/blog\/wp-content\/uploads\/2019\/04\/7-2.jpg 920w, https:\/\/answear.com\/blog\/wp-content\/uploads\/2019\/04\/7-2-610x185.jpg 610w, https:\/\/answear.com\/blog\/wp-content\/uploads\/2019\/04\/7-2-768x233.jpg 768w, https:\/\/answear.com\/blog\/wp-content\/uploads\/2019\/04\/7-2-640x194.jpg 640w\" alt=\"\" width=\"920\" height=\"279\" \/><\/p>\n<p><a href=\"https:\/\/answear.hu\/1618870-answear-oev-intake-2.html\">1.\u00f6v, Answear<\/a>\u00a0<a href=\"https:\/\/answear.hu\/1588937-answear-tusarku-cipo.html\">2.Szand\u00e1l, Answear<\/a>\u00a0<a href=\"https:\/\/answear.hu\/1278633-answear-kezitaska.html\">3.T\u00e1ska, Silvian Heach<\/a>\u00a0<a href=\"https:\/\/answear.hu\/1278625-answear-kezitaska.html\">4.T\u00e1ska, Silvian Heach<\/a>\u00a0<a href=\"https:\/\/answear.hu\/1554979-calvin-klein-jeans-kezitaska.html\">5.T\u00e1ska, Calvin Klein Jeans<\/a><\/p>\n<p>&nbsp;<\/p>\n<p>&nbsp;<\/p>\n<p>&nbsp;<\/p>\n<p>&nbsp;<\/p>\n<p>&nbsp;<\/p>\n","protected":false},"excerpt":{"rendered":"<p><span class=\"span-reading-time rt-reading-time\" style=\"display: block;\"><span class=\"rt-label rt-prefix\">Olvasd el, csak <\/span> <span class=\"rt-time\"> 3<\/span> <span class=\"rt-label rt-postfix\">perc<\/span><\/span>K\u00f6zeleg a H\u00fasv\u00e9t! \u00dcnnepi diszbe \u00f6lt\u00f6ztetj\u00fck otthonunkat \u00e9s ne feledkezz\u00fcnk el magunkr\u00f3l sem. Friss, tavaszi pasztell hangulat\u00fa divat tippjeink k\u00f6vetkeznek.<\/p>\n","protected":false},"author":32,"featured_media":0,"comment_status":"closed","ping_status":"closed","sticky":false,"template":"","format":"standard","meta":{"footnotes":""},"categories":[686],"tags":[892,1559,1558,1555],"class_list":["post-13472","post","type-post","status-publish","format-standard","hentry","category-trendek","tag-divat","tag-husvet","tag-pasztell","tag-tavasz2019"],"_links":{"self":[{"href":"https:\/\/answear.hu\/blog\/wp-json\/wp\/v2\/posts\/13472","targetHints":{"allow":["GET"]}}],"collection":[{"href":"https:\/\/answear.hu\/blog\/wp-json\/wp\/v2\/posts"}],"about":[{"href":"https:\/\/answear.hu\/blog\/wp-json\/wp\/v2\/types\/post"}],"author":[{"embeddable":true,"href":"https:\/\/answear.hu\/blog\/wp-json\/wp\/v2\/users\/32"}],"replies":[{"embeddable":true,"href":"https:\/\/answear.hu\/blog\/wp-json\/wp\/v2\/comments?post=13472"}],"version-history":[{"count":4,"href":"https:\/\/answear.hu\/blog\/wp-json\/wp\/v2\/posts\/13472\/revisions"}],"predecessor-version":[{"id":15440,"href":"https:\/\/answear.hu\/blog\/wp-json\/wp\/v2\/posts\/13472\/revisions\/15440"}],"wp:attachment":[{"href":"https:\/\/answear.hu\/blog\/wp-json\/wp\/v2\/media?parent=13472"}],"wp:term":[{"taxonomy":"category","embeddable":true,"href":"https:\/\/answear.hu\/blog\/wp-json\/wp\/v2\/categories?post=13472"},{"taxonomy":"post_tag","embeddable":true,"href":"https:\/\/answear.hu\/blog\/wp-json\/wp\/v2\/tags?post=13472"}],"curies":[{"name":"wp","href":"https:\/\/api.w.org\/{rel}","templated":true}]}}