{"id":13353,"date":"2019-02-26T14:48:55","date_gmt":"2019-02-26T13:48:55","guid":{"rendered":"https:\/\/answear.hu\/blog\/?p=13353"},"modified":"2021-10-06T18:24:52","modified_gmt":"2021-10-06T16:24:52","slug":"udvozlunk-titkos-kertunkben-secret-garden-az-answear-uj-kollekcioja","status":"publish","type":"post","link":"https:\/\/answear.hu\/blog\/udvozlunk-titkos-kertunkben-secret-garden-az-answear-uj-kollekcioja\/13353","title":{"rendered":"\u00dcdv\u00f6zl\u00fcnk titkos kert\u00fcnkben \u2013 Secret Garden, az ANSWEAR \u00faj kollekci\u00f3ja"},"content":{"rendered":"<span class=\"span-reading-time rt-reading-time\" style=\"display: block;\"><span class=\"rt-label rt-prefix\">Olvasd el, csak <\/span> <span class=\"rt-time\"> 2<\/span> <span class=\"rt-label rt-postfix\">perc<\/span><\/span><p>L\u00e9pj be a titkos kertbe ahol mindig\u00a0tavasz van! Itt az ANSWEAR \u00faj, Secret Garden kollekci\u00f3ja, st\u00edlusos v\u00e1laszt\u00e1s a tavasz els\u0151 napjaira. N\u00e9zd meg!<!--more--><\/p>\n<p><iframe loading=\"lazy\" title=\"Secret Garden divat kollekci\u00f3 az ANSWEAR-t\u0151l\" width=\"660\" height=\"371\" src=\"https:\/\/www.youtube.com\/embed\/7Rm4tcO-2-Q?feature=oembed\" frameborder=\"0\" allow=\"accelerometer; autoplay; clipboard-write; encrypted-media; gyroscope; picture-in-picture; web-share\" referrerpolicy=\"strict-origin-when-cross-origin\" allowfullscreen><\/iframe><\/p>\n<p>Mit sz\u00f3ln\u00e1l egy kis n\u0151iess\u00e9ghez <strong>pasztell<\/strong> kivitelben? Az <strong>ANSWEAR Secret Garden<\/strong> kollekci\u00f3ja betekint\u00e9st ny\u00fajt egy <strong>tavasz<\/strong> els\u0151 sugaraiban f\u00fcrd\u0151 vir\u00e1goskertbe. Az ANSWEAR \u00faj aj\u00e1nlata egyfel\u0151l v\u00e1lasz a <strong>romantikus n\u0151iess\u00e9g<\/strong> kiemel\u00e9s\u00e9re, m\u00e1s r\u00e9szr\u0151l<strong> laza \u00e9s komfortos, mindennapi viselet<\/strong>.<\/p>\n<p><img loading=\"lazy\" decoding=\"async\" class=\"aligncenter size-full wp-image-13357\" src=\"https:\/\/answear.hu\/blog\/wp-content\/uploads\/2019\/02\/2.jpg\" alt=\"\" width=\"920\" height=\"672\" srcset=\"https:\/\/answear.hu\/blog\/wp-content\/uploads\/2019\/02\/2.jpg 920w, https:\/\/answear.hu\/blog\/wp-content\/uploads\/2019\/02\/2-768x561.jpg 768w, https:\/\/answear.hu\/blog\/wp-content\/uploads\/2019\/02\/2-300x219.jpg 300w, https:\/\/answear.hu\/blog\/wp-content\/uploads\/2019\/02\/2-620x453.jpg 620w\" sizes=\"auto, (max-width: 920px) 100vw, 920px\" \/><\/p>\n<p><strong>Secret Garden, v\u00e1lasz a tavaszi megjelen\u00e9shez<\/strong><\/p>\n<p>A tavaszra gondolva az<strong> \u00fcdes\u00e9g, frissess\u00e9g, vil\u00e1goss\u00e1g<\/strong> \u00e9s term\u00e9szetesen a vir\u00e1gz\u00e1s jut az esz\u00fcnkbe. Ezt t\u00fckr\u00f6zi az ANSWEAR \u00faj kollekci\u00f3ja is. A mint\u00e1kban romantikusan \u00e1rnyalt <strong>vir\u00e1gok<\/strong> domin\u00e1lnak. A n\u00f6v\u00e9nyi mint\u00e1k feldobj\u00e1k a<strong> szell\u0151s anyagokat<\/strong>, gazdag\u00edtj\u00e1k a minimalista form\u00e1kat vagy a casual fazonokat. Az eg\u00e9sz kollekci\u00f3t a <strong>pasztell \u00e1rnyalatok uralj\u00e1k, lila, menta \u00e9s r\u00f3zsa<\/strong>, ami \u00fcde sz\u00ednfoltot ad a t\u00e9li, neh\u00e9z \u00e1rnyalatok ut\u00e1n.<\/p>\n<p><img loading=\"lazy\" decoding=\"async\" class=\"aligncenter size-full wp-image-13358\" src=\"https:\/\/answear.hu\/blog\/wp-content\/uploads\/2019\/02\/3.jpg\" alt=\"\" width=\"920\" height=\"277\" srcset=\"https:\/\/answear.hu\/blog\/wp-content\/uploads\/2019\/02\/3.jpg 920w, https:\/\/answear.hu\/blog\/wp-content\/uploads\/2019\/02\/3-768x231.jpg 768w, https:\/\/answear.hu\/blog\/wp-content\/uploads\/2019\/02\/3-300x90.jpg 300w, https:\/\/answear.hu\/blog\/wp-content\/uploads\/2019\/02\/3-620x187.jpg 620w\" sizes=\"auto, (max-width: 920px) 100vw, 920px\" \/><\/p>\n<p style=\"text-align: center;\"><a href=\"https:\/\/answear.hu\/1555255-answear-ruha.html\">Answear<\/a>,\u00a0<a href=\"https:\/\/answear.hu\/1604907-answear-tunika-secret-garden.html\">Answear<\/a>,\u00a0<a href=\"https:\/\/answear.hu\/1604771-answear-kapucnis-kabat-secret-garden.html\">Answear<\/a>,\u00a0<a href=\"https:\/\/answear.hu\/1604757-answear-felso-secret-garden.html\">Answear<\/a>,\u00a0<a href=\"https:\/\/answear.hu\/1604891-answear-ruha-secret-garden.html\">Answear<\/a><\/p>\n<p><img loading=\"lazy\" decoding=\"async\" class=\"aligncenter size-full wp-image-13359\" src=\"https:\/\/answear.hu\/blog\/wp-content\/uploads\/2019\/02\/4.jpg\" alt=\"\" width=\"920\" height=\"700\" srcset=\"https:\/\/answear.hu\/blog\/wp-content\/uploads\/2019\/02\/4.jpg 920w, https:\/\/answear.hu\/blog\/wp-content\/uploads\/2019\/02\/4-913x695.jpg 913w, https:\/\/answear.hu\/blog\/wp-content\/uploads\/2019\/02\/4-768x584.jpg 768w, https:\/\/answear.hu\/blog\/wp-content\/uploads\/2019\/02\/4-300x228.jpg 300w, https:\/\/answear.hu\/blog\/wp-content\/uploads\/2019\/02\/4-620x472.jpg 620w\" sizes=\"auto, (max-width: 920px) 100vw, 920px\" \/><\/p>\n<p><strong>Mit tal\u00e1lunk a kollekci\u00f3ban?<\/strong><\/p>\n<p>A Secret Garden kollekci\u00f3 divatos manifeszt\u00e1ci\u00f3ja a casual st\u00edlus\u00fa, oversize ruh\u00e1knak. Tal\u00e1lsz itt kellemes tapint\u00e1s\u00fa \u00e9s term\u00e9szetes anyagokb\u00f3l k\u00e9sz\u00fclt <strong>sz\u00f6vetruh\u00e1kat, szokny\u00e1kat, pamut fels\u0151ket<\/strong>, vir\u00e1gos mint\u00e1s <strong>p\u00f3l\u00f3kat<\/strong> \u00e9s k\u00e9nyelmes <strong>joggereket<\/strong> egyar\u00e1nt. T\u00f6k\u00e9letes viselet a kora tavaszi napokra, j\u00f3 kiindul\u00e1si alap egy kis k\u00eds\u00e9rletez\u00e9shez az <strong>urb\u00e1nus divat<\/strong> am\u00fagy is k\u00f6tetlen l\u00e9gk\u00f6r\u00e9ben.<\/p>\n<p><img loading=\"lazy\" decoding=\"async\" class=\"aligncenter size-full wp-image-13360\" src=\"https:\/\/answear.hu\/blog\/wp-content\/uploads\/2019\/02\/5.jpg\" alt=\"\" width=\"920\" height=\"278\" srcset=\"https:\/\/answear.hu\/blog\/wp-content\/uploads\/2019\/02\/5.jpg 920w, https:\/\/answear.hu\/blog\/wp-content\/uploads\/2019\/02\/5-768x232.jpg 768w, https:\/\/answear.hu\/blog\/wp-content\/uploads\/2019\/02\/5-300x91.jpg 300w, https:\/\/answear.hu\/blog\/wp-content\/uploads\/2019\/02\/5-620x187.jpg 620w\" sizes=\"auto, (max-width: 920px) 100vw, 920px\" \/><\/p>\n<p style=\"text-align: center;\"><a href=\"https:\/\/answear.hu\/1604888-answear-nadrag-secret-garden.html\">Answear<\/a>,\u00a0<a href=\"https:\/\/answear.hu\/1513910-answear-roevid-kabat.html\">Answear<\/a>,\u00a0<a href=\"https:\/\/answear.hu\/1553041-answear-felso.html\">Answear<\/a>,\u00a0<a href=\"https:\/\/answear.hu\/1585013-answear-szoknya-secret-garden.html\">Answear<\/a>,\u00a0<a href=\"https:\/\/answear.hu\/1604539-answear-felso-secret-garden.html\">Answear<\/a><\/p>\n<p><img loading=\"lazy\" decoding=\"async\" class=\"aligncenter size-full wp-image-13361\" src=\"https:\/\/answear.hu\/blog\/wp-content\/uploads\/2019\/02\/6.jpg\" alt=\"\" width=\"920\" height=\"566\" srcset=\"https:\/\/answear.hu\/blog\/wp-content\/uploads\/2019\/02\/6.jpg 920w, https:\/\/answear.hu\/blog\/wp-content\/uploads\/2019\/02\/6-768x472.jpg 768w, https:\/\/answear.hu\/blog\/wp-content\/uploads\/2019\/02\/6-300x185.jpg 300w, https:\/\/answear.hu\/blog\/wp-content\/uploads\/2019\/02\/6-620x381.jpg 620w\" sizes=\"auto, (max-width: 920px) 100vw, 920px\" \/><\/p>\n","protected":false},"excerpt":{"rendered":"<p><span class=\"span-reading-time rt-reading-time\" style=\"display: block;\"><span class=\"rt-label rt-prefix\">Olvasd el, csak <\/span> <span class=\"rt-time\"> 2<\/span> <span class=\"rt-label rt-postfix\">perc<\/span><\/span>L\u00e9pj be a titkos kertbe ahol mindig\u00a0tavasz van! Itt az ANSWEAR \u00faj, Secret Garden kollekci\u00f3ja, st\u00edlusos v\u00e1laszt\u00e1s a tavasz els\u0151 napjaira. N\u00e9zd meg!<\/p>\n","protected":false},"author":32,"featured_media":0,"comment_status":"closed","ping_status":"closed","sticky":false,"template":"","format":"standard","meta":{"footnotes":""},"categories":[686],"tags":[675,1102,1201,1067,1530,988,1031,990,989,1531,1212],"class_list":["post-13353","post","type-post","status-publish","format-standard","hentry","category-trendek","tag-answear","tag-divat-online","tag-divat-webaruhaz","tag-online-divat","tag-secret-garden","tag-tavaszi-divat","tag-tavaszi-ruha","tag-tavaszi-stilus","tag-tavaszi-trend","tag-uj-kollekcio","tag-webaruhaz"],"_links":{"self":[{"href":"https:\/\/answear.hu\/blog\/wp-json\/wp\/v2\/posts\/13353","targetHints":{"allow":["GET"]}}],"collection":[{"href":"https:\/\/answear.hu\/blog\/wp-json\/wp\/v2\/posts"}],"about":[{"href":"https:\/\/answear.hu\/blog\/wp-json\/wp\/v2\/types\/post"}],"author":[{"embeddable":true,"href":"https:\/\/answear.hu\/blog\/wp-json\/wp\/v2\/users\/32"}],"replies":[{"embeddable":true,"href":"https:\/\/answear.hu\/blog\/wp-json\/wp\/v2\/comments?post=13353"}],"version-history":[{"count":6,"href":"https:\/\/answear.hu\/blog\/wp-json\/wp\/v2\/posts\/13353\/revisions"}],"predecessor-version":[{"id":15454,"href":"https:\/\/answear.hu\/blog\/wp-json\/wp\/v2\/posts\/13353\/revisions\/15454"}],"wp:attachment":[{"href":"https:\/\/answear.hu\/blog\/wp-json\/wp\/v2\/media?parent=13353"}],"wp:term":[{"taxonomy":"category","embeddable":true,"href":"https:\/\/answear.hu\/blog\/wp-json\/wp\/v2\/categories?post=13353"},{"taxonomy":"post_tag","embeddable":true,"href":"https:\/\/answear.hu\/blog\/wp-json\/wp\/v2\/tags?post=13353"}],"curies":[{"name":"wp","href":"https:\/\/api.w.org\/{rel}","templated":true}]}}