{"id":13350,"date":"2019-02-27T17:47:23","date_gmt":"2019-02-27T16:47:23","guid":{"rendered":"https:\/\/answear.hu\/blog\/?p=13350"},"modified":"2021-10-06T18:25:07","modified_gmt":"2021-10-06T16:25:07","slug":"celebrate-yourself-unnepeld-magad","status":"publish","type":"post","link":"https:\/\/answear.hu\/blog\/celebrate-yourself-unnepeld-magad\/13350","title":{"rendered":"Celebrate Yourself &#8211; \u00dcnnepeld Magad!"},"content":{"rendered":"<span class=\"span-reading-time rt-reading-time\" style=\"display: block;\"><span class=\"rt-label rt-prefix\">Olvasd el, csak <\/span> <span class=\"rt-time\"> 3<\/span> <span class=\"rt-label rt-postfix\">perc<\/span><\/span><p>K\u00f6zeleg a N\u0151nap \u00e9s egyes orsz\u00e1gokban ezt k\u00f6vet\u0151en a f\u00e9rfiak is kapnak egy napot, amikor \u0151ket \u00fcnneplik, ezek remek alkalmak arra, hogy kifejezz\u00fck kik is vagyunk val\u00f3j\u00e1ban, mi az a st\u00edlus, ami a legk\u00f6zelebb \u00e1ll hozz\u00e1nk. L\u00e9gy \u00f6nmagad \u00e9s emeld ki egyedis\u00e9gedet \u2013 celebrate Yourself!<!--more--><\/p>\n<p><img decoding=\"async\" class=\"aligncenter\" src=\"https:\/\/answear.com\/blog\/wp-content\/uploads\/2019\/02\/1.jpg\" \/><\/p>\n<p>Mindegy, hogy h\u00e1ny \u00e9ves vagy, milyen az alkatod, milyen a b\u0151r\u00f6d sz\u00edne, kit szeretsz \u2013 <strong>ne hagyd magad beskatuly\u00e1zni, fogadd el Magad olyannak, amilyen val\u00f3j\u00e1ban vagy<\/strong>, minden egyedis\u00e9geddel egy\u00fctt. Nincs a vil\u00e1gon m\u00e9g egy ugyanolyan ember, mint Te. Mindj\u00e1rt itt a N\u0151nap, de ne feledkezz\u00fcnk meg a f\u00e9rfiakr\u00f3l sem. \u00c9rezd magad kiv\u00e9telezettnek, gondolkodj pozit\u00edvan az el\u0151nyeidr\u0151l, st\u00edlusodr\u00f3l \u00e9s er\u0151dr\u0151l.<\/p>\n<p><img decoding=\"async\" class=\"aligncenter\" src=\"https:\/\/answear.com\/blog\/wp-content\/uploads\/2019\/02\/2-1.jpg\" \/><\/p>\n<p><strong>Miben rejlik a n\u0151iess\u00e9g? <\/strong><\/p>\n<p>Egyesek a n\u0151iess\u00e9get tradicion\u00e1lisan a l\u00e1gy, \u00e9rz\u00e9keny karakterk\u00e9nt kezelik. V\u00e1ltoznak az id\u0151k, a n\u0151iess\u00e9get is \u00fajra kell \u00e9rtelmezni. R\u00e9gen a n\u0151k csak meghat\u00e1rozott fazonokat hordhattak, az <strong>alakform\u00e1l\u00f3 f\u0171z\u0151k \u00e9s a bok\u00e1ig \u00e9r\u0151 szokny\u00e1k<\/strong> elengedhetetlen r\u00e9szei voltak a megjelen\u00e9snek. Ma m\u00e1r senki sem v\u00e1rja el, hogy mindig magassark\u00faban \u00e9s szokny\u00e1ban j\u00e1rj, persze ha ehhez van kedved akkor csak b\u00e1tran, a Te d\u00f6nt\u00e9sed. <strong>Egyik nap romantikusan, magassark\u00faval \u00e9s red\u0151z\u00f6tt szokny\u00e1ban, m\u00e1skor farmerban \u00e9s sportcip\u0151ben.<\/strong> Ez \u00edgy j\u00f3, l\u00e9gy \u00f6nmagad, j\u00e1tssz a st\u00edluselemekkel, vari\u00e1ld megjelen\u00e9sedet ahogy kedved tartja \u00e9s ahogy a legjobban ki tudod fejezni magad.<\/p>\n<p><img decoding=\"async\" class=\"aligncenter\" src=\"https:\/\/answear.com\/blog\/wp-content\/uploads\/2019\/02\/3-1.jpg\" \/><\/p>\n<p><strong>Milyen az igazi f\u00e9rfi?<\/strong><\/p>\n<p>Hogy n\u00e9z ki az igazi f\u00e9rfi? Egyesek \u00fagy gondolj\u00e1k, hogy a szak\u00e1llasnak \u00e9s tetov\u00e1ltnak kell lennie. M\u00e1sok szerint er\u0151snek \u00e9s sz\u00edv\u00f3snak kell lennie. Megint m\u00e1sok szerint a s\u00e1rm, az \u00e1polts\u00e1g \u00e9s az elegancia adja a nyer\u0151 kombin\u00e1ci\u00f3t. Ah\u00e1ny ember, annyi ide\u00e1l. Nem kell egy s\u00e9m\u00e1t k\u00f6vetned, nem kell csak egy meghat\u00e1roz\u00e1s ment\u00e9n igazodnod m\u00e1sokhoz, nem kell az \u00e1ltal\u00e1nos \u201cf\u00e9rfias \u00e1rnyalatok\u201d szerint meghat\u00e1roznod magad, hogy b\u00e1rkinek is megfelelj mint a t\u00f6k\u00e9letes f\u00e9rfi. <strong>Az, hogy mit hordasz, hogyan viselkedsz, hogy n\u00e9zel ki az csak a Te dolgod.<\/strong> Senki sem tilthatja meg, hogy j\u00e1tssz a divattal. M\u00e1sfel\u0151l azt sem k\u00e9rheti sz\u00e1mon rajtad senki, ha Te a k\u00e9nyelemre fekteted a hangs\u00falyt, nem \u00e9rtesz a ruh\u00e1khoz, az els\u0151 alkalmas darabot felveszed,<strong> senkinek sincs joga megk\u00e9rd\u0151jelezni a gardr\u00f3bod tartalm\u00e1t<\/strong>. A <strong>r\u00f3zsasz\u00edn<\/strong> men\u0151, ahogy a <strong>szakadt farmer, a meleg\u00edt\u0151 fels\u0151 \u00e9s a premium kateg\u00f3ri\u00e1j\u00fa \u00f6lt\u00f6ny<\/strong> is. A Te st\u00edlusod, Te d\u00f6nt\u00e9sed, Te v\u00e1laszt\u00e1sod.<\/p>\n<p><img decoding=\"async\" class=\"aligncenter\" src=\"https:\/\/answear.com\/blog\/wp-content\/uploads\/2019\/02\/4-1.jpg\" \/><\/p>\n<p><img decoding=\"async\" class=\"aligncenter\" src=\"https:\/\/answear.com\/blog\/wp-content\/uploads\/2019\/02\/5-1.jpg\" \/><\/p>\n<p><img decoding=\"async\" class=\"aligncenter\" src=\"https:\/\/answear.com\/blog\/wp-content\/uploads\/2019\/02\/6-1.jpg\" \/><\/p>\n<p style=\"text-align: center;\">1. <a href=\"https:\/\/answear.hu\/1528430-only-nadrag.html\">Only\u00a0<\/a>2. <a href=\"https:\/\/answear.hu\/1604283-guess-jeans-top-tiffany.html\">Guess Jeans<\/a>\u00a03. <a href=\"https:\/\/answear.hu\/1532936-vila-kiskabat.html\">Vila\u00a0<\/a>4. <a href=\"https:\/\/answear.hu\/1572009-mango-fuellbevalo-margaret.html\">Mango\u00a0<\/a>5. <a href=\"https:\/\/answear.hu\/1592320-calvin-klein-jeans-ing.html\">Calvin Klein Jeans<\/a><\/p>\n<p><img decoding=\"async\" class=\"aligncenter\" src=\"https:\/\/answear.com\/blog\/wp-content\/uploads\/2019\/02\/7.jpg\" \/><\/p>\n<p style=\"text-align: center;\">1.<a href=\"https:\/\/answear.hu\/1497802-levi-s-roevid-kabat.html\">Levi\u2019s\u00a0<\/a>2. <a href=\"https:\/\/answear.hu\/1578629-selected-pulover.html\">Selected\u00a0<\/a>3. <a href=\"https:\/\/answear.hu\/1550842-medicine-zako-creative-formality.html\">Medicine\u00a0<\/a>4. <a href=\"https:\/\/answear.hu\/1529859-mango-man-kardigan-willy.html\">Mango Man<\/a>\u00a05. <a href=\"https:\/\/answear.hu\/1529708-mango-man-nadrag-cordoba4.html\">Mango Man<\/a><\/p>\n","protected":false},"excerpt":{"rendered":"<p><span class=\"span-reading-time rt-reading-time\" style=\"display: block;\"><span class=\"rt-label rt-prefix\">Olvasd el, csak <\/span> <span class=\"rt-time\"> 3<\/span> <span class=\"rt-label rt-postfix\">perc<\/span><\/span>K\u00f6zeleg a N\u0151nap \u00e9s egyes orsz\u00e1gokban ezt k\u00f6vet\u0151en a f\u00e9rfiak is kapnak egy napot, amikor \u0151ket \u00fcnneplik, ezek remek alkalmak arra, hogy kifejezz\u00fck kik is vagyunk val\u00f3j\u00e1ban, mi az a st\u00edlus, ami a legk\u00f6zelebb \u00e1ll hozz\u00e1nk. L\u00e9gy \u00f6nmagad \u00e9s emeld ki egyedis\u00e9gedet \u2013 celebrate Yourself!<\/p>\n","protected":false},"author":32,"featured_media":0,"comment_status":"closed","ping_status":"closed","sticky":false,"template":"","format":"standard","meta":{"footnotes":""},"categories":[686],"tags":[675,893,1023,1536,1445,1539,1537,1538,1379,1535,1534,1533,1532],"class_list":["post-13350","post","type-post","status-publish","format-standard","hentry","category-trendek","tag-answear","tag-answear-hu","tag-divat-trendek","tag-divatos-no","tag-ferfi-divat","tag-ferfi-divat-trendek","tag-ferfias-divat","tag-ferfias-stilus","tag-ferfidivat","tag-noi-divat","tag-noies-stilus","tag-noiesseg","tag-noiseg"],"_links":{"self":[{"href":"https:\/\/answear.hu\/blog\/wp-json\/wp\/v2\/posts\/13350","targetHints":{"allow":["GET"]}}],"collection":[{"href":"https:\/\/answear.hu\/blog\/wp-json\/wp\/v2\/posts"}],"about":[{"href":"https:\/\/answear.hu\/blog\/wp-json\/wp\/v2\/types\/post"}],"author":[{"embeddable":true,"href":"https:\/\/answear.hu\/blog\/wp-json\/wp\/v2\/users\/32"}],"replies":[{"embeddable":true,"href":"https:\/\/answear.hu\/blog\/wp-json\/wp\/v2\/comments?post=13350"}],"version-history":[{"count":6,"href":"https:\/\/answear.hu\/blog\/wp-json\/wp\/v2\/posts\/13350\/revisions"}],"predecessor-version":[{"id":15456,"href":"https:\/\/answear.hu\/blog\/wp-json\/wp\/v2\/posts\/13350\/revisions\/15456"}],"wp:attachment":[{"href":"https:\/\/answear.hu\/blog\/wp-json\/wp\/v2\/media?parent=13350"}],"wp:term":[{"taxonomy":"category","embeddable":true,"href":"https:\/\/answear.hu\/blog\/wp-json\/wp\/v2\/categories?post=13350"},{"taxonomy":"post_tag","embeddable":true,"href":"https:\/\/answear.hu\/blog\/wp-json\/wp\/v2\/tags?post=13350"}],"curies":[{"name":"wp","href":"https:\/\/api.w.org\/{rel}","templated":true}]}}