{"id":13331,"date":"2019-02-15T13:59:44","date_gmt":"2019-02-15T12:59:44","guid":{"rendered":"https:\/\/answear.hu\/blog\/?p=13331"},"modified":"2021-10-06T18:48:40","modified_gmt":"2021-10-06T16:48:40","slug":"ilyen-kollekcio-meg-nem-volt-gigi-hadid-x-reebok","status":"publish","type":"post","link":"https:\/\/answear.hu\/blog\/ilyen-kollekcio-meg-nem-volt-gigi-hadid-x-reebok\/13331","title":{"rendered":"Ilyen kollekci\u00f3 m\u00e9g nem volt! Gigi Hadid x Reebok"},"content":{"rendered":"<span class=\"span-reading-time rt-reading-time\" style=\"display: block;\"><span class=\"rt-label rt-prefix\">Olvasd el, csak <\/span> <span class=\"rt-time\"> 2<\/span> <span class=\"rt-label rt-postfix\">perc<\/span><\/span><p>Itt az \u00faj szt\u00e1r kollekci\u00f3! A Vil\u00e1g egyik legismertebb modellje most \u00f6ssze\u00e1llt egy sportm\u00e1rk\u00e1val, hogy megtervezze saj\u00e1t ruha \u00e9s kieg\u00e9sz\u00edt\u0151 kollekci\u00f3j\u00e1t. N\u00e9zd meg mi lett az eredm\u00e9nye a Gigi Hadid x Reebok egy\u00fcttm\u0171k\u00f6d\u00e9snek.<!--more--><\/p>\n<p><iframe loading=\"lazy\" title=\"Ilyet m\u00e9g nem l\u00e1tt\u00e1l - Gigi Hadid a term\u00e9szetben! az \u00faj Reebok kollekci\u00f3\" width=\"660\" height=\"371\" src=\"https:\/\/www.youtube.com\/embed\/uYK2O_KMASQ?feature=oembed\" frameborder=\"0\" allow=\"accelerometer; autoplay; clipboard-write; encrypted-media; gyroscope; picture-in-picture; web-share\" referrerpolicy=\"strict-origin-when-cross-origin\" allowfullscreen><\/iframe><\/p>\n<p>&nbsp;<\/p>\n<p>Jelenleg Gigi Hadid az egyik legkeresettebb modell, nem v\u00e9letlen, hogy egyes m\u00e1rk\u00e1k sz\u00edvesen dolgoznak vele. Elj\u00f6tt a <strong>Reebok<\/strong> ideje! Gigi \u00e9vek \u00f3ta a brand nagyk\u00f6vete, de most olyan dologra v\u00e1llalkozott, ami m\u00e9g nem volt \u2013 <strong>egyedi kapszula gardr\u00f3bot tervezett sportruh\u00e1zatb\u00f3l \u00e9s kieg\u00e9sz\u00edt\u0151kb\u0151l<\/strong>. Febru\u00e1r 5-\u00e9t\u0151l el\u00e9rhet\u0151 a kereskedelmi forgalomban is.<\/p>\n<p><img loading=\"lazy\" decoding=\"async\" class=\"aligncenter size-full wp-image-13334\" src=\"https:\/\/answear.hu\/blog\/wp-content\/uploads\/2019\/02\/post_GigixReebok_04.jpg\" alt=\"\" width=\"920\" height=\"613\" srcset=\"https:\/\/answear.hu\/blog\/wp-content\/uploads\/2019\/02\/post_GigixReebok_04.jpg 920w, https:\/\/answear.hu\/blog\/wp-content\/uploads\/2019\/02\/post_GigixReebok_04-768x512.jpg 768w, https:\/\/answear.hu\/blog\/wp-content\/uploads\/2019\/02\/post_GigixReebok_04-272x182.jpg 272w, https:\/\/answear.hu\/blog\/wp-content\/uploads\/2019\/02\/post_GigixReebok_04-300x200.jpg 300w, https:\/\/answear.hu\/blog\/wp-content\/uploads\/2019\/02\/post_GigixReebok_04-620x413.jpg 620w\" sizes=\"auto, (max-width: 920px) 100vw, 920px\" \/><\/p>\n<p><strong>Gigi Hadid x Reebok m\u00e1r az answear.hu-n <a href=\"https:\/\/answear.ro\/p\/speciale\/reebok-gigi-hadid.html\/p-1\/r-60\/o-h\/k-4\">&gt;&gt;&gt; N\u00e9zd meg!<\/a><\/strong><\/p>\n<p>A Gigi Hadid x Reebok kollekci\u00f3 <strong>a trad\u00edci\u00f3 \u00e9s az \u00fajdons\u00e1g egyvelege<\/strong>, m\u00e9lt\u00f3n t\u00fckr\u00f6zi Gigi sporthoz val\u00f3 hozz\u00e1\u00e1ll\u00e1s\u00e1t. A 23 \u00e9ves modell r\u00e9gebben kosarazott \u00e9s lovagolt is, ez\u00e9rt a sportos t\u00e9m\u00e1k kiv\u00e9telesen k\u00f6zel \u00e1llnak hozz\u00e1. A kollekci\u00f3 l\u00e9trehoz\u00e1sa nem csak kreat\u00edv kih\u00edv\u00e1s, de bens\u0151s\u00e9ges \u00e9lm\u00e9nyt ny\u00fajtott Giginek. A ruh\u00e1k egy fel\u0151l Gigi gyerekkor\u00e1t id\u00e9zik, m\u00e1sr\u00e9szt r\u00e1mutatnak arra is, hogy a sport hogyan seg\u00edtette karrierje egyenget\u00e9s\u00e9t.<\/p>\n<p><img loading=\"lazy\" decoding=\"async\" class=\"aligncenter size-full wp-image-13335\" src=\"https:\/\/answear.hu\/blog\/wp-content\/uploads\/2019\/02\/post_GigixReebok_06.jpg\" alt=\"\" width=\"920\" height=\"618\" srcset=\"https:\/\/answear.hu\/blog\/wp-content\/uploads\/2019\/02\/post_GigixReebok_06.jpg 920w, https:\/\/answear.hu\/blog\/wp-content\/uploads\/2019\/02\/post_GigixReebok_06-768x516.jpg 768w, https:\/\/answear.hu\/blog\/wp-content\/uploads\/2019\/02\/post_GigixReebok_06-272x182.jpg 272w, https:\/\/answear.hu\/blog\/wp-content\/uploads\/2019\/02\/post_GigixReebok_06-300x202.jpg 300w, https:\/\/answear.hu\/blog\/wp-content\/uploads\/2019\/02\/post_GigixReebok_06-620x416.jpg 620w\" sizes=\"auto, (max-width: 920px) 100vw, 920px\" \/><img loading=\"lazy\" decoding=\"async\" class=\"aligncenter size-full wp-image-13336\" src=\"https:\/\/answear.hu\/blog\/wp-content\/uploads\/2019\/02\/post_GigixReebok_07.jpg\" alt=\"\" width=\"920\" height=\"310\" srcset=\"https:\/\/answear.hu\/blog\/wp-content\/uploads\/2019\/02\/post_GigixReebok_07.jpg 920w, https:\/\/answear.hu\/blog\/wp-content\/uploads\/2019\/02\/post_GigixReebok_07-768x259.jpg 768w, https:\/\/answear.hu\/blog\/wp-content\/uploads\/2019\/02\/post_GigixReebok_07-300x101.jpg 300w, https:\/\/answear.hu\/blog\/wp-content\/uploads\/2019\/02\/post_GigixReebok_07-620x209.jpg 620w\" sizes=\"auto, (max-width: 920px) 100vw, 920px\" \/><\/p>\n<p style=\"text-align: center;\"><strong><a href=\"https:\/\/answear.hu\/p\/kereses\/q-reebok%20gigi%20hadid\/p-1\/r-60\/o-sr\/k-4\/s-208,214\">fels\u0151k &gt;<\/a> <a href=\"https:\/\/answear.hu\/p\/kereses\/q-reebok%20gigi%20hadid\/p-1\/r-60\/o-sr\/k-4\/s-211\">nadr\u00e1gok &gt; leggingek &gt;<\/a> <a href=\"https:\/\/answear.hu\/p\/kereses\/q-reebok%20gigi%20hadid\/p-1\/r-60\/o-sr\/k-4\/s-2525\">f\u00fcrd\u0151ruh\u00e1k &gt;<\/a><\/strong><\/p>\n<p style=\"text-align: center;\"><img loading=\"lazy\" decoding=\"async\" class=\"aligncenter size-full wp-image-13337\" src=\"https:\/\/answear.hu\/blog\/wp-content\/uploads\/2019\/02\/post_GigixReebok_09.jpg\" alt=\"\" width=\"920\" height=\"624\" srcset=\"https:\/\/answear.hu\/blog\/wp-content\/uploads\/2019\/02\/post_GigixReebok_09.jpg 920w, https:\/\/answear.hu\/blog\/wp-content\/uploads\/2019\/02\/post_GigixReebok_09-768x521.jpg 768w, https:\/\/answear.hu\/blog\/wp-content\/uploads\/2019\/02\/post_GigixReebok_09-300x203.jpg 300w, https:\/\/answear.hu\/blog\/wp-content\/uploads\/2019\/02\/post_GigixReebok_09-620x421.jpg 620w\" sizes=\"auto, (max-width: 920px) 100vw, 920px\" \/><img loading=\"lazy\" decoding=\"async\" class=\"aligncenter size-full wp-image-13338\" src=\"https:\/\/answear.hu\/blog\/wp-content\/uploads\/2019\/02\/post_GigixReebok_10.jpg\" alt=\"\" width=\"920\" height=\"310\" srcset=\"https:\/\/answear.hu\/blog\/wp-content\/uploads\/2019\/02\/post_GigixReebok_10.jpg 920w, https:\/\/answear.hu\/blog\/wp-content\/uploads\/2019\/02\/post_GigixReebok_10-768x259.jpg 768w, https:\/\/answear.hu\/blog\/wp-content\/uploads\/2019\/02\/post_GigixReebok_10-300x101.jpg 300w, https:\/\/answear.hu\/blog\/wp-content\/uploads\/2019\/02\/post_GigixReebok_10-620x209.jpg 620w\" sizes=\"auto, (max-width: 920px) 100vw, 920px\" \/><\/p>\n<p><strong>Mit tal\u00e1lunk a Gigi Hadid x Reebok kollekci\u00f3j\u00e1ban?<\/strong><\/p>\n<p>Ez a kapszula gardr\u00f3b<strong> minden sportban kiteljesed\u0151 egy\u00e9n ig\u00e9nyeit kiel\u00e9g\u00edti<\/strong>. A <strong>neon sz\u00edn\u0171 vid\u00e1m ruh\u00e1k \u00e9s kieg\u00e9sz\u00edt\u0151k a \u201990-es \u00e9veket id\u00e9zik<\/strong>. A fot\u00f3z\u00e1s is retr\u00f3 hangulatban t\u00f6rt\u00e9nt. J\u00e1t\u00e9k a sz\u00ednekkel \u00e9s a<strong> laza fazonok<\/strong> j\u00f3l passzolnak az akt\u00edv id\u0151t\u00f6lt\u00e9shez.<\/p>\n<p><img loading=\"lazy\" decoding=\"async\" class=\"aligncenter size-full wp-image-13339\" src=\"https:\/\/answear.hu\/blog\/wp-content\/uploads\/2019\/02\/post_GigixReebok_12.jpg\" alt=\"\" width=\"920\" height=\"310\" srcset=\"https:\/\/answear.hu\/blog\/wp-content\/uploads\/2019\/02\/post_GigixReebok_12.jpg 920w, https:\/\/answear.hu\/blog\/wp-content\/uploads\/2019\/02\/post_GigixReebok_12-768x259.jpg 768w, https:\/\/answear.hu\/blog\/wp-content\/uploads\/2019\/02\/post_GigixReebok_12-300x101.jpg 300w, https:\/\/answear.hu\/blog\/wp-content\/uploads\/2019\/02\/post_GigixReebok_12-620x209.jpg 620w\" sizes=\"auto, (max-width: 920px) 100vw, 920px\" \/><\/p>\n<p><img loading=\"lazy\" decoding=\"async\" class=\"aligncenter size-full wp-image-13333\" src=\"https:\/\/answear.hu\/blog\/wp-content\/uploads\/2019\/02\/post_GigixReebok_14.jpg\" alt=\"\" width=\"920\" height=\"613\" srcset=\"https:\/\/answear.hu\/blog\/wp-content\/uploads\/2019\/02\/post_GigixReebok_14.jpg 920w, https:\/\/answear.hu\/blog\/wp-content\/uploads\/2019\/02\/post_GigixReebok_14-768x512.jpg 768w, https:\/\/answear.hu\/blog\/wp-content\/uploads\/2019\/02\/post_GigixReebok_14-272x182.jpg 272w, https:\/\/answear.hu\/blog\/wp-content\/uploads\/2019\/02\/post_GigixReebok_14-300x200.jpg 300w, https:\/\/answear.hu\/blog\/wp-content\/uploads\/2019\/02\/post_GigixReebok_14-620x413.jpg 620w\" sizes=\"auto, (max-width: 920px) 100vw, 920px\" \/><\/p>\n","protected":false},"excerpt":{"rendered":"<p><span class=\"span-reading-time rt-reading-time\" style=\"display: block;\"><span class=\"rt-label rt-prefix\">Olvasd el, csak <\/span> <span class=\"rt-time\"> 2<\/span> <span class=\"rt-label rt-postfix\">perc<\/span><\/span>Itt az \u00faj szt\u00e1r kollekci\u00f3! A Vil\u00e1g egyik legismertebb modellje most \u00f6ssze\u00e1llt egy sportm\u00e1rk\u00e1val, hogy megtervezze saj\u00e1t ruha \u00e9s kieg\u00e9sz\u00edt\u0151 kollekci\u00f3j\u00e1t. N\u00e9zd meg mi lett az eredm\u00e9nye a Gigi Hadid x Reebok egy\u00fcttm\u0171k\u00f6d\u00e9snek.<\/p>\n","protected":false},"author":32,"featured_media":0,"comment_status":"closed","ping_status":"closed","sticky":false,"template":"","format":"standard","meta":{"footnotes":""},"categories":[889],"tags":[675,775,1526,893,892,1520,1521,1523,1527,1525,1522,1038,1524,1528,988],"class_list":["post-13331","post","type-post","status-publish","format-standard","hentry","category-answear-lab","tag-answear","tag-reebok","tag-2019-tavasz","tag-answear-hu","tag-divat","tag-gigi","tag-gigi-hadid","tag-gigi-x-reebok","tag-markas-sportruhazat","tag-modell","tag-rebbok-gigi-hadid","tag-sport","tag-sport-kollekcio","tag-sportos-ruha-online","tag-tavaszi-divat"],"_links":{"self":[{"href":"https:\/\/answear.hu\/blog\/wp-json\/wp\/v2\/posts\/13331","targetHints":{"allow":["GET"]}}],"collection":[{"href":"https:\/\/answear.hu\/blog\/wp-json\/wp\/v2\/posts"}],"about":[{"href":"https:\/\/answear.hu\/blog\/wp-json\/wp\/v2\/types\/post"}],"author":[{"embeddable":true,"href":"https:\/\/answear.hu\/blog\/wp-json\/wp\/v2\/users\/32"}],"replies":[{"embeddable":true,"href":"https:\/\/answear.hu\/blog\/wp-json\/wp\/v2\/comments?post=13331"}],"version-history":[{"count":5,"href":"https:\/\/answear.hu\/blog\/wp-json\/wp\/v2\/posts\/13331\/revisions"}],"predecessor-version":[{"id":15518,"href":"https:\/\/answear.hu\/blog\/wp-json\/wp\/v2\/posts\/13331\/revisions\/15518"}],"wp:attachment":[{"href":"https:\/\/answear.hu\/blog\/wp-json\/wp\/v2\/media?parent=13331"}],"wp:term":[{"taxonomy":"category","embeddable":true,"href":"https:\/\/answear.hu\/blog\/wp-json\/wp\/v2\/categories?post=13331"},{"taxonomy":"post_tag","embeddable":true,"href":"https:\/\/answear.hu\/blog\/wp-json\/wp\/v2\/tags?post=13331"}],"curies":[{"name":"wp","href":"https:\/\/api.w.org\/{rel}","templated":true}]}}