{"id":13226,"date":"2018-10-24T12:09:38","date_gmt":"2018-10-24T10:09:38","guid":{"rendered":"https:\/\/answear.hu\/blog\/?p=13226"},"modified":"2021-10-06T18:33:23","modified_gmt":"2021-10-06T16:33:23","slug":"trend-alert-oversize-me","status":"publish","type":"post","link":"https:\/\/answear.hu\/blog\/trend-alert-oversize-me\/13226","title":{"rendered":"TREND ALERT: Oversize me"},"content":{"rendered":"<span class=\"span-reading-time rt-reading-time\" style=\"display: block;\"><span class=\"rt-label rt-prefix\">Olvasd el, csak <\/span> <span class=\"rt-time\"> 2<\/span> <span class=\"rt-label rt-postfix\">perc<\/span><\/span><p>K\u00e9sz\u00fclsz a hideg id\u0151re? Az oversize kab\u00e1tok meg\u00f3vnak az id\u0151j\u00e1r\u00e1s viszontags\u00e1gait\u00f3l \u00e9s egyben divatoss\u00e1 is tesznek. T\u00e9ged is meggy\u0151z\u00f6tt?<\/p>\n<p><!--more--><\/p>\n<p><img decoding=\"async\" class=\"aligncenter\" src=\"https:\/\/answear.com\/blog\/wp-content\/uploads\/2018\/10\/post_AW_07.jpg\" \/><\/p>\n<p>A <strong>pehelykab\u00e1tok<\/strong> \u00e9vr\u0151l \u00e9vre visszat\u00e9r\u0151 divat elemek, v\u00e9g\u00fcl is lehet praktikusabb \u00e9s k\u00e9nyelmesebb kab\u00e1tot tal\u00e1lni, ami a legkem\u00e9nyebb id\u0151j\u00e1r\u00e1si k\u00f6r\u00fclm\u00e9nyek k\u00f6z\u00f6tt is meg\u00e1llja a hely\u00e9t? Id\u00e9n t\u00f6bb figyelmet kap az \u00faj, kifut\u00f3kat megh\u00f3d\u00edt\u00f3 trend j\u00f3volt\u00e1b\u00f3l. <strong>Az oversize a cs\u00facson van! <\/strong>R\u00f6vid \u00e9s hossz\u00fa kivitelben egyar\u00e1nt. <strong>Hatalmas kab\u00e1tok<\/strong>, gyakran <strong>beh\u00faz\u00f3kkal \u00e9s f\u00e9nyvisszaver\u0151 elemekkel<\/strong>. Steppelt anyagb\u00f3l is k\u00e9sz\u00fclnek, melyek m\u00e9g nagyobbnak t\u0171nnek. Minden a <strong>\u201990-es \u00e9vek st\u00edlusvil\u00e1g\u00e1ra<\/strong> vezethet\u0151 vissza. \u00c9s term\u00e9szetesen a <strong>streetwear<\/strong> st\u00edlusra.<\/p>\n<p><img loading=\"lazy\" decoding=\"async\" class=\"aligncenter size-full wp-image-13228\" src=\"https:\/\/answear.hu\/blog\/wp-content\/uploads\/2018\/10\/ov1.jpg\" alt=\"\" width=\"847\" height=\"317\" srcset=\"https:\/\/answear.hu\/blog\/wp-content\/uploads\/2018\/10\/ov1.jpg 847w, https:\/\/answear.hu\/blog\/wp-content\/uploads\/2018\/10\/ov1-768x287.jpg 768w, https:\/\/answear.hu\/blog\/wp-content\/uploads\/2018\/10\/ov1-300x112.jpg 300w, https:\/\/answear.hu\/blog\/wp-content\/uploads\/2018\/10\/ov1-620x232.jpg 620w\" sizes=\"auto, (max-width: 847px) 100vw, 847px\" \/><\/p>\n<p style=\"text-align: center;\"><a href=\"https:\/\/answear.hu\/1395134-tommy-hilfiger-pehelydzseki.html\">Tommy Hilfiger<\/a>, <a href=\"https:\/\/answear.hu\/1435841-answear-roevid-kabat.html\">Answear<\/a>, <a href=\"https:\/\/answear.hu\/1452004-wrangler-roevid-kabat.html\">Wrangler<\/a>, <a href=\"https:\/\/answear.hu\/1435837-answear-roevid-kabat.html\">Answear<\/a><\/p>\n<p><strong>Hogyan viselj\u00fck az oversize pehelykab\u00e1tokat?<\/strong><\/p>\n<p style=\"text-align: center;\"><a href=\"https:\/\/autumntrends.answear.hu\/\"><strong>Tudj meg t\u00f6bbet az \u0151szi-t\u00e9li szezon divatj\u00e1r\u00f3l &gt;&gt;&gt;\u00a0<\/strong><\/a><\/p>\n<p>\u00dagy gondolod, hogy az XXL kab\u00e1tokat csak <strong>casual vagy sportos<\/strong> cuccokkal lehet felvenni? T\u00e9ved\u00e9s! A tervez\u0151k a <strong>streetwear \u00e9s a high fashion kevered\u00e9s\u00e9ben<\/strong> semmi kivetni val\u00f3t nem tal\u00e1lnak. Ez\u00e9rt aj\u00e1nlj\u00e1k, hogy az oversize kab\u00e1tokat <strong>hordjuk hossz\u00fa ruh\u00e1khoz, kombin\u00e1ljuk eleg\u00e1ns anyagokkal mint a t\u00fcll, sifon vagy a csipke<\/strong>. Bizony\u00edt\u00e9k erre a <strong>Alexander McQueen, J.W.Anderson<\/strong>\u00a0vagy<strong>\u00a0Pucci, <\/strong>melyek \u0151szi-t\u00e9li megjelen\u00e9s\u00e9nek elengedhetetlen eleme. Te hogyan \u00e9p\u00edted be stiliz\u00e1ci\u00f3dba?<\/p>\n<p><img loading=\"lazy\" decoding=\"async\" class=\"aligncenter size-full wp-image-13229\" src=\"https:\/\/answear.hu\/blog\/wp-content\/uploads\/2018\/10\/ov2.jpg\" alt=\"\" width=\"847\" height=\"316\" srcset=\"https:\/\/answear.hu\/blog\/wp-content\/uploads\/2018\/10\/ov2.jpg 847w, https:\/\/answear.hu\/blog\/wp-content\/uploads\/2018\/10\/ov2-768x287.jpg 768w, https:\/\/answear.hu\/blog\/wp-content\/uploads\/2018\/10\/ov2-300x112.jpg 300w, https:\/\/answear.hu\/blog\/wp-content\/uploads\/2018\/10\/ov2-620x231.jpg 620w\" sizes=\"auto, (max-width: 847px) 100vw, 847px\" \/><\/p>\n<p style=\"text-align: center;\"><a href=\"https:\/\/answear.hu\/1413098-silvian-heach-pehelydzseki.html\">Silvian Heach<\/a>, <a href=\"https:\/\/answear.hu\/1431820-levi-s-pehelydzseki.html\">Levi&#8217;s<\/a>, <a href=\"https:\/\/answear.hu\/1436405-noisy-may-roevid-kabat.html\">Noisy May<\/a>, <a href=\"https:\/\/answear.hu\/1431836-femi-stories-pehelydzseki-condori.html\">Femi Stories<\/a><\/p>\n<p><img loading=\"lazy\" decoding=\"async\" class=\"aligncenter size-full wp-image-13230\" src=\"https:\/\/answear.hu\/blog\/wp-content\/uploads\/2018\/10\/ov3.jpg\" alt=\"\" width=\"841\" height=\"318\" srcset=\"https:\/\/answear.hu\/blog\/wp-content\/uploads\/2018\/10\/ov3.jpg 841w, https:\/\/answear.hu\/blog\/wp-content\/uploads\/2018\/10\/ov3-768x290.jpg 768w, https:\/\/answear.hu\/blog\/wp-content\/uploads\/2018\/10\/ov3-300x113.jpg 300w, https:\/\/answear.hu\/blog\/wp-content\/uploads\/2018\/10\/ov3-620x234.jpg 620w\" sizes=\"auto, (max-width: 841px) 100vw, 841px\" \/><\/p>\n<p style=\"text-align: center;\"><a href=\"https:\/\/answear.hu\/1386832-the-north-face-pehelydzseki.html\">The North Face<\/a>, <a href=\"https:\/\/answear.hu\/1417171-silvian-heach-pehelydzseki.html\">Silvian Heach<\/a>, <a href=\"https:\/\/answear.hu\/1401991-calvin-klein-jeans-pehelydzseki.html\">Calvin Klein<\/a>, <a href=\"https:\/\/answear.hu\/1436401-noisy-may-roevid-kabat.html\">Noisy May<\/a><\/p>\n","protected":false},"excerpt":{"rendered":"<p><span class=\"span-reading-time rt-reading-time\" style=\"display: block;\"><span class=\"rt-label rt-prefix\">Olvasd el, csak <\/span> <span class=\"rt-time\"> 2<\/span> <span class=\"rt-label rt-postfix\">perc<\/span><\/span>K\u00e9sz\u00fclsz a hideg id\u0151re? Az oversize kab\u00e1tok meg\u00f3vnak az id\u0151j\u00e1r\u00e1s viszontags\u00e1gait\u00f3l \u00e9s egyben divatoss\u00e1 is tesznek. T\u00e9ged is meggy\u0151z\u00f6tt?<\/p>\n","protected":false},"author":32,"featured_media":0,"comment_status":"closed","ping_status":"closed","sticky":false,"template":"","format":"standard","meta":{"footnotes":""},"categories":[686],"tags":[675,749,1162,1424,892,1201,1427,1394,1419,1428,1429,1425,1426,1277,1418,1422,1363,1365,1366,1423,1421,1352,1420],"class_list":["post-13226","post","type-post","status-publish","format-standard","hentry","category-trendek","tag-answear","tag-trend","tag-answear-divat","tag-atmeneti-kabat","tag-divat","tag-divat-webaruhaz","tag-divatos-kabatok","tag-divatos-kiegeszitok","tag-kabat","tag-kabat-oszre","tag-kabat-webaruhaz","tag-markas-kabatok","tag-meleg-kabatok","tag-oszi-divat","tag-oszi-kabat","tag-oszi-teli-trend","tag-oversize","tag-oversize-divat","tag-oversize-kabat","tag-oversize-trend","tag-pehelykabat","tag-teli-divat","tag-tollkabat"],"_links":{"self":[{"href":"https:\/\/answear.hu\/blog\/wp-json\/wp\/v2\/posts\/13226","targetHints":{"allow":["GET"]}}],"collection":[{"href":"https:\/\/answear.hu\/blog\/wp-json\/wp\/v2\/posts"}],"about":[{"href":"https:\/\/answear.hu\/blog\/wp-json\/wp\/v2\/types\/post"}],"author":[{"embeddable":true,"href":"https:\/\/answear.hu\/blog\/wp-json\/wp\/v2\/users\/32"}],"replies":[{"embeddable":true,"href":"https:\/\/answear.hu\/blog\/wp-json\/wp\/v2\/comments?post=13226"}],"version-history":[{"count":3,"href":"https:\/\/answear.hu\/blog\/wp-json\/wp\/v2\/posts\/13226\/revisions"}],"predecessor-version":[{"id":15466,"href":"https:\/\/answear.hu\/blog\/wp-json\/wp\/v2\/posts\/13226\/revisions\/15466"}],"wp:attachment":[{"href":"https:\/\/answear.hu\/blog\/wp-json\/wp\/v2\/media?parent=13226"}],"wp:term":[{"taxonomy":"category","embeddable":true,"href":"https:\/\/answear.hu\/blog\/wp-json\/wp\/v2\/categories?post=13226"},{"taxonomy":"post_tag","embeddable":true,"href":"https:\/\/answear.hu\/blog\/wp-json\/wp\/v2\/tags?post=13226"}],"curies":[{"name":"wp","href":"https:\/\/api.w.org\/{rel}","templated":true}]}}