{"id":13146,"date":"2018-08-28T14:19:20","date_gmt":"2018-08-28T12:19:20","guid":{"rendered":"https:\/\/answear.hu\/blog\/?p=13146"},"modified":"2021-10-06T18:35:46","modified_gmt":"2021-10-06T16:35:46","slug":"intellectual-rebel-ruhak-es-kiegeszitok-amik-kiemelik-a-magas-iq-d","status":"publish","type":"post","link":"https:\/\/answear.hu\/blog\/intellectual-rebel-ruhak-es-kiegeszitok-amik-kiemelik-a-magas-iq-d\/13146","title":{"rendered":"Intellectual Rebel &#8211; Ruh\u00e1k \u00e9s kieg\u00e9sz\u00edt\u0151k, amik kiemelik a magas IQ-d"},"content":{"rendered":"<span class=\"span-reading-time rt-reading-time\" style=\"display: block;\"><span class=\"rt-label rt-prefix\">Olvasd el, csak <\/span> <span class=\"rt-time\"> 3<\/span> <span class=\"rt-label rt-postfix\">perc<\/span><\/span><p>Nem csak az alakod kiemel\u00e9s\u00e9re j\u00f3 az okos ruhav\u00e1laszt\u00e1s, de magabiztos, intelligens n\u0151i kisug\u00e1rz\u00e1st is k\u00f6lcs\u00f6n\u00f6zhet a ruh\u00e1zatod, ha profin v\u00e1logatod \u00f6ssze a szettedet.\u00a0Most megmutatjuk az igazi mesterfog\u00e1sokat!<!--more--><\/p>\n<p>A divat nem csak arra val\u00f3, hogy az alakodat \u00e9s a megjelen\u00e9sedet el\u0151ny\u00f6sebb\u00e9 var\u00e1zsold.\u00a0A megfelel\u0151 ruh\u00e1kkal \u00e9s kieg\u00e9sz\u00edt\u0151kkel ak\u00e1r egy <strong>teljesen m\u00e1s szem\u00e9lyis\u00e9get mutathatsz meg magadb\u00f3l\u00a0<\/strong>&#8211; turb\u00f3zd fel az \u00f6nbizalmadat,<strong> ruh\u00e1zd fel magad m\u00e1s szem\u00e9lyis\u00e9gjegyekkel<\/strong>, n\u00e9zz ki komoly n\u0151nek, vagy \u00e9pp ellenkez\u0151leg: boh\u00f3k\u00e1snak \u00e9s fiatalosnak. Id\u00e9n \u0151sszel k\u00f6nny\u0171 dolgod van: az egyik <strong>vezet\u0151 \u0151szi trend<\/strong> most a<strong> feminin<\/strong>, klasszikus \u00e9s aggressz\u00edv<strong> intellektusra f\u00f3kusz\u00e1l<\/strong>.\u00a0Ezekben a ruh\u00e1kban sz\u00e1z sz\u00e1zal\u00e9k, hogy divatos lesz az \u0151sz\u00f6d.<\/p>\n<p>&nbsp;<\/p>\n<p><img decoding=\"async\" class=\"aligncenter\" src=\"https:\/\/answear.com\/blog\/wp-content\/uploads\/2018\/08\/post_Intelectual_Rebel_01best.jpg\" \/><\/p>\n<p><strong>Szoknya, m\u00e1sk\u00e9pp<\/strong><\/p>\n<p>Hogyan n\u00e9zz ki \u00fagy, mint egy di\u00e1kl\u00e1ny \u00fagy, hogy\u00a0k\u00f6zben\u00a0m\u00e9g divatos is legy\u00e9l? Kombin\u00e1lj egy <strong>sz\u00e9lesed\u0151 fazon\u00fa midi szokny\u00e1t meleg\u00edt\u0151fels\u0151vel<\/strong>. Egyszerre k\u00e9nyelmes \u00e9s n\u0151ies!\u00a0A t\u00f6bbi adal\u00e9kot a fant\u00e1zi\u00e1dra b\u00edzzuk.\u00a0Hozd be a szettbe a feh\u00e9r bl\u00fazt, a profizmus szimb\u00f3lum\u00e1t,\u00a0egy nagy bl\u00e9zert \u00e9s divatos \u00e9kszereket.<\/p>\n<p>&nbsp;<\/p>\n<p><img decoding=\"async\" class=\"aligncenter\" src=\"https:\/\/answear.com\/blog\/wp-content\/uploads\/2018\/08\/post_Intelectual_Rebel_02.jpg\" \/><\/p>\n<p style=\"text-align: center;\"><a href=\"https:\/\/answear.hu\/1362387-miss-sixty-felso.html\">1. Miss Sixty fels\u0151<\/a>, <a href=\"https:\/\/answear.hu\/1362609-miss-sixty-szoknya.html\">2. Miss Sixty szoknya<\/a>, <a href=\"https:\/\/answear.hu\/1362796-calvin-klein-kezitaska.html\">3. Calvin Klein t\u00e1ska<\/a>, <a href=\"https:\/\/answear.hu\/1365402-adidas-originals-felso.html\">4. Adidas Originals fels\u0151<\/a><\/p>\n<p>&nbsp;<\/p>\n<p><strong>Feliratos p\u00f3l\u00f3<\/strong><\/p>\n<p><strong>Nem kell hivatali viseletet hordanod, hogy zseninek l\u00e1tssz!<\/strong>\u00a0Egy sima <strong>mint\u00e1s p\u00f3l\u00f3<\/strong> is t\u00f6k\u00e9letesen illik az<strong> Intellectual Rebel trend<\/strong>be, nagyszer\u0171 alternat\u00edv\u00e1ja az ingnek, ha ink\u00e1bb a k\u00e9nyelemre szavazol. Az \u00f6rd\u00f6g a r\u00e9szletekben, vagyis most ink\u00e1bb a mint\u00e1ban rejlik\u00a0&#8211; <strong>ne egy h\u00e9tk\u00f6znapi, m\u00e9lyebb jelent\u00e9s n\u00e9lk\u00fcli k\u00e9pet v\u00e1lassz<\/strong>.\u00a0<strong>Egy\u00a0brilli\u00e1ns szlogen, feminista sz\u00f6veg, vagy id\u00e9zet<\/strong> egy ismert szem\u00e9lyt\u0151l\u00a0fantasztikusan tudja hangs\u00falyozni a szellemi kvalit\u00e1saidat m\u00e9g akkor is, ha \u00e9vente csak egyszer ragadsz k\u00f6nyvet.<\/p>\n<p>&nbsp;<\/p>\n<p><img decoding=\"async\" class=\"aligncenter\" src=\"https:\/\/answear.com\/blog\/wp-content\/uploads\/2018\/08\/post_Intelectual_Rebel_03.jpg\" \/><\/p>\n<p style=\"text-align: center;\"><a href=\"https:\/\/answear.hu\/1389734-mango-top-hello.html\">1. Mango p\u00f3l\u00f3<\/a>, <a href=\"https:\/\/answear.hu\/1381639-mango-top-street.html\">2. Mango p\u00f3l\u00f3<\/a>, <a href=\"https:\/\/answear.hu\/1381668-mango-top-green.html\">3. Mango p\u00f3l\u00f3<\/a><\/p>\n<p>&nbsp;<\/p>\n<p><strong>Sk\u00f3tkocka<\/strong><\/p>\n<p>A sk\u00f3tkock\u00e1s mint\u00e1r\u00f3l gyakran a legnevesebb angol egyetemeken tan\u00edt\u00f3 professzorokra asszoci\u00e1lunk, \u00fagyhogy ez a minta abszol\u00fat k\u00f6telez\u0151, ha olyan st\u00edlusr\u00f3l besz\u00e9l\u00fcnk, ami az intellektust hivatott hangs\u00falyozni. Ez a minta egy bl\u00e9zeren, nadr\u00e1gon, ruh\u00e1n vagy szokny\u00e1n viselve is el\u0151kel\u0151 hat\u00e1st fog kelteni. Milyen form\u00e1ban hordan\u00e1d?<\/p>\n<p>&nbsp;<\/p>\n<p style=\"text-align: center;\"><img loading=\"lazy\" decoding=\"async\" class=\"aligncenter size-full wp-image-13148\" src=\"https:\/\/answear.hu\/blog\/wp-content\/uploads\/2018\/08\/post_Intelectual_Rebel_04.jpg\" alt=\"intellectual-rebel-munka-ruha-irodai-divat\" width=\"919\" height=\"1244\" srcset=\"https:\/\/answear.hu\/blog\/wp-content\/uploads\/2018\/08\/post_Intelectual_Rebel_04.jpg 919w, https:\/\/answear.hu\/blog\/wp-content\/uploads\/2018\/08\/post_Intelectual_Rebel_04-513x695.jpg 513w, https:\/\/answear.hu\/blog\/wp-content\/uploads\/2018\/08\/post_Intelectual_Rebel_04-768x1040.jpg 768w, https:\/\/answear.hu\/blog\/wp-content\/uploads\/2018\/08\/post_Intelectual_Rebel_04-222x300.jpg 222w, https:\/\/answear.hu\/blog\/wp-content\/uploads\/2018\/08\/post_Intelectual_Rebel_04-756x1024.jpg 756w, https:\/\/answear.hu\/blog\/wp-content\/uploads\/2018\/08\/post_Intelectual_Rebel_04-620x839.jpg 620w\" sizes=\"auto, (max-width: 919px) 100vw, 919px\" \/><a href=\"https:\/\/answear.hu\/1392366-tally-weijl-kiskabat.html\">1. Tally Weijl bl\u00e9zer,<\/a> <a href=\"https:\/\/answear.hu\/1388444-mango-szoknya-pleat.html\">2. Mano szoknya<\/a>, <a href=\"https:\/\/answear.hu\/1389442-mango-nadrag-grunge.html\">3. Mango nadr\u00e1g<\/a>, <a href=\"https:\/\/answear.hu\/1391183-pepe-jeans-sal-letha.html\">4. Pepe Jeans s\u00e1l<\/a><\/p>\n<p>&nbsp;<\/p>\n<p><strong>Divatos \u00e9s\u00a0&#8222;intellektu\u00e1lis&#8221; kieg\u00e9sz\u00edt\u0151k<\/strong><\/p>\n<p>Nem tetszeleghetsz el\u00e9g intellektu\u00e1lisan a megfelel\u0151 <strong>kieg\u00e9sz\u00edt\u0151k<\/strong> n\u00e9lk\u00fcl!El\u0151sz\u00f6r is a fejre val\u00f3:<strong> barett vagy sapka<\/strong>, amiket mindig is az <strong>intellektuellekkel \u00e9s a m\u0171v\u00e9szekkel azonos\u00edtunk<\/strong>. A barett b\u00e1r kicsit \u00f3divat\u00fanak t\u0171nhet, az elm\u00falt n\u00e9h\u00e1ny szezonban \u00fajra felt\u00f6rt. A Gucci h\u00fazta el\u0151 a szekr\u00e9ny m\u00e9ly\u00e9r\u0151l,\u00a0ut\u00e1na pedig m\u00e1s tervez\u0151k is k\u00f6vett\u00e9k a p\u00e9ld\u00e1j\u00e1t. A stylish fejfed\u0151n t\u00fal egy <strong>k\u00e9zit\u00e1sk\u00e1ra is sz\u00fcks\u00e9g van<\/strong>. Egy <strong>diz\u00e1jnos postman<\/strong> a legjobb v\u00e1laszt\u00e1s, ez az irodai k\u00e9zit\u00e1sk\u00e1k egyik v\u00e1lfaja.\u00a0Milyen cip\u0151 illik az<strong>\u00a0Intellectual Rebel trend<\/strong>be?\u00a0Term\u00e9szetesen a<strong> klasszikus oxford, vagy egy tot\u00e1lisan n\u0151ies modell, a bokacsizma.<\/strong><\/p>\n<p>&nbsp;<\/p>\n<p><img decoding=\"async\" class=\"aligncenter\" src=\"https:\/\/answear.com\/blog\/wp-content\/uploads\/2018\/08\/post_Intelectual_Rebel_05.jpg\" \/><\/p>\n<p style=\"text-align: center;\"><a href=\"https:\/\/answear.hu\/1388340-mango-magasszaru-cipo-feli.html\">1. Mango cip\u0151<\/a>, <a href=\"https:\/\/answear.hu\/1348862-liu-jo-kezitaska.html\">2. Liu Jo t\u00e1ska<\/a>, <a href=\"https:\/\/answear.hu\/1379865-pieces-kezitaska.html\">3. Pieces t\u00e1ska<\/a>, <a href=\"https:\/\/answear.hu\/1330251-answear-sapka.html\">4. Answear barett<\/a>, <a href=\"https:\/\/answear.hu\/1367598-pinko-bor-taska.html\">5. Pinko t\u00e1ska<\/a>, <a href=\"https:\/\/answear.hu\/1365178-trussardi-jeans-kalap.html\">6. Trussardi Jeans kalap<\/a><\/p>\n","protected":false},"excerpt":{"rendered":"<p><span class=\"span-reading-time rt-reading-time\" style=\"display: block;\"><span class=\"rt-label rt-prefix\">Olvasd el, csak <\/span> <span class=\"rt-time\"> 3<\/span> <span class=\"rt-label rt-postfix\">perc<\/span><\/span>Nem csak az alakod kiemel\u00e9s\u00e9re j\u00f3 az okos ruhav\u00e1laszt\u00e1s, de magabiztos, intelligens n\u0151i kisug\u00e1rz\u00e1st is k\u00f6lcs\u00f6n\u00f6zhet a ruh\u00e1zatod, ha profin v\u00e1logatod \u00f6ssze a szettedet.\u00a0Most megmutatjuk az igazi mesterfog\u00e1sokat!<\/p>\n","protected":false},"author":32,"featured_media":0,"comment_status":"closed","ping_status":"closed","sticky":false,"template":"","format":"standard","meta":{"footnotes":""},"categories":[686],"tags":[675,749,893,1292,1291,892,1296,1201,1283,1285,1284,1288,1289,1294,1293,1262,1286,1282,1277,1290,1295,1297,1287],"class_list":["post-13146","post","type-post","status-publish","format-standard","hentry","category-trendek","tag-answear","tag-trend","tag-answear-hu","tag-barett","tag-bokacipo","tag-divat","tag-divat-tanacsok","tag-divat-webaruhaz","tag-intellectual-rebel","tag-intellektualis","tag-intellektuel","tag-irodai-divat","tag-irodai-viselet","tag-kalap-trend","tag-kalap-trendek","tag-markas-ruhak","tag-okos-divat","tag-oszi-cipo-trendek","tag-oszi-divat","tag-oszi-trend","tag-sapka-trend","tag-stlilus-tanacsok","tag-trendek"],"_links":{"self":[{"href":"https:\/\/answear.hu\/blog\/wp-json\/wp\/v2\/posts\/13146","targetHints":{"allow":["GET"]}}],"collection":[{"href":"https:\/\/answear.hu\/blog\/wp-json\/wp\/v2\/posts"}],"about":[{"href":"https:\/\/answear.hu\/blog\/wp-json\/wp\/v2\/types\/post"}],"author":[{"embeddable":true,"href":"https:\/\/answear.hu\/blog\/wp-json\/wp\/v2\/users\/32"}],"replies":[{"embeddable":true,"href":"https:\/\/answear.hu\/blog\/wp-json\/wp\/v2\/comments?post=13146"}],"version-history":[{"count":3,"href":"https:\/\/answear.hu\/blog\/wp-json\/wp\/v2\/posts\/13146\/revisions"}],"predecessor-version":[{"id":15472,"href":"https:\/\/answear.hu\/blog\/wp-json\/wp\/v2\/posts\/13146\/revisions\/15472"}],"wp:attachment":[{"href":"https:\/\/answear.hu\/blog\/wp-json\/wp\/v2\/media?parent=13146"}],"wp:term":[{"taxonomy":"category","embeddable":true,"href":"https:\/\/answear.hu\/blog\/wp-json\/wp\/v2\/categories?post=13146"},{"taxonomy":"post_tag","embeddable":true,"href":"https:\/\/answear.hu\/blog\/wp-json\/wp\/v2\/tags?post=13146"}],"curies":[{"name":"wp","href":"https:\/\/api.w.org\/{rel}","templated":true}]}}