{"id":13129,"date":"2018-08-15T16:52:39","date_gmt":"2018-08-15T14:52:39","guid":{"rendered":"https:\/\/answear.hu\/blog\/?p=13129"},"modified":"2021-10-06T18:35:55","modified_gmt":"2021-10-06T16:35:55","slug":"back-to-school-trendek-nem-csak-iskolasoknak","status":"publish","type":"post","link":"https:\/\/answear.hu\/blog\/back-to-school-trendek-nem-csak-iskolasoknak\/13129","title":{"rendered":"Back to school trendek nem csak iskol\u00e1soknak!"},"content":{"rendered":"<span class=\"span-reading-time rt-reading-time\" style=\"display: block;\"><span class=\"rt-label rt-prefix\">Olvasd el, csak <\/span> <span class=\"rt-time\"> 2<\/span> <span class=\"rt-label rt-postfix\">perc<\/span><\/span><p>M\u00e1r csak p\u00e1r nap \u00e9s a gyerekeknek, fiataloknak \u00fajra iskolapadba kell \u00fclni\u00fck\u00a0&#8230; Mi pedig egy \u00e9rzelem-gazdag\u00a0utaz\u00e1sra indulunk a &#8217;80-&#8217;90-es \u00e9vekbe, ahol a laza sportos, term\u00e9szetes \u00e9s k\u00e9nyelmes st\u00edlus kapta a f\u0151szerepet. K\u00e9szen \u00e1llsz az iskolakezd\u00e9sre? <!--more--><\/p>\n<p>Neked mi jut eszedbe az iskol\u00e1s \u00e9vekr\u0151l?\u00a0Term\u00e9szetes, hogy beugranak a tan\u00f3r\u00e1k eml\u00e9kei, a haverok a sulib\u00f3l az illatos rad\u00edrok, a csupa sz\u00ednes bor\u00edt\u00f3s jegyzett\u00f6mb.\u00a0Most, mikor a trendek bumer\u00e1ngk\u00e9nt t\u00e9rnek vissza, ezek az eml\u00e9kek is visszak\u00f6sz\u00f6nhetnek. S\u0151t, divatos st\u00edluss\u00e1 \u00e1llhatnak \u00f6ssze.<\/p>\n<p><strong><img loading=\"lazy\" decoding=\"async\" class=\"aligncenter wp-image-13133 size-full\" src=\"https:\/\/answear.hu\/blog\/wp-content\/uploads\/2018\/08\/2.jpg\" alt=\"iskolakezdes-iskola-divat\" width=\"919\" height=\"621\" srcset=\"https:\/\/answear.hu\/blog\/wp-content\/uploads\/2018\/08\/2.jpg 919w, https:\/\/answear.hu\/blog\/wp-content\/uploads\/2018\/08\/2-768x519.jpg 768w, https:\/\/answear.hu\/blog\/wp-content\/uploads\/2018\/08\/2-300x203.jpg 300w, https:\/\/answear.hu\/blog\/wp-content\/uploads\/2018\/08\/2-620x419.jpg 620w\" sizes=\"auto, (max-width: 919px) 100vw, 919px\" \/><\/strong><\/p>\n<p><strong>Iskolakezd\u00e9s &#8211; visszat\u00e9r\u0151 trendek<\/strong><\/p>\n<p>Senki se hitte volna, hogy azok a ruh\u00e1k, amiket gyerekk\u00e9nt vagy tinik\u00e9nt viselt\u00fcnk, \u00fajra divatba j\u00f6nnek majd.\u00a0M\u00e9gis, a 80-as, 90-es \u00e9s korai 2000-es \u00e9vekb\u0151l ismert top trendek\u00a0visszat\u00e9rtek \u00e9s\u00a0celebrit\u00e1sok, modellek \u00e9s bloggerek rajonganak \u00e9rt\u00fck. Ha nosztalgi\u00e1val tekintesz vissza az iskol\u00e1s \u00e9veidre, de nem merted volna m\u00e1r felvenni azokat a ruh\u00e1idat, most b\u00e1tran megteheted.\u00a0A zokni a platformhoz,\u00a0nagym\u00e9ret\u0171 farmerdzsekik, mom jeans, pul\u00f3verek,\u00a0testhez\u00e1ll\u00f3 ruh\u00e1k \u00e9s a legend\u00e1s m\u00e1rk\u00e1k sima egyszer\u0171 p\u00f3l\u00f3i\u00a0most \u00fajra el\u0151ker\u00fclhetnek a gardr\u00f3b m\u00e9ly\u00e9r\u0151l. A shieldes sapk\u00e1k \u00e9s keskeny, f\u00e9msz\u00e1ras napszem\u00fcvegek t\u00f6bb\u00e9 m\u00e1r nem sz\u00e1m\u00edtanak giccsesnek&#8230;\u00a0Most mindezek kombin\u00e1ci\u00f3ja hihetetlen\u00fcl divatos \u00e9s harmonikus szettet alkot.<\/p>\n<p>&nbsp;<\/p>\n<p><img loading=\"lazy\" decoding=\"async\" class=\"aligncenter size-full wp-image-13134\" src=\"https:\/\/answear.hu\/blog\/wp-content\/uploads\/2018\/08\/4.jpg\" alt=\"suli-divat-iskola-trendek-meno-cuccok\" width=\"919\" height=\"614\" srcset=\"https:\/\/answear.hu\/blog\/wp-content\/uploads\/2018\/08\/4.jpg 919w, https:\/\/answear.hu\/blog\/wp-content\/uploads\/2018\/08\/4-768x513.jpg 768w, https:\/\/answear.hu\/blog\/wp-content\/uploads\/2018\/08\/4-272x182.jpg 272w, https:\/\/answear.hu\/blog\/wp-content\/uploads\/2018\/08\/4-300x200.jpg 300w, https:\/\/answear.hu\/blog\/wp-content\/uploads\/2018\/08\/4-620x414.jpg 620w\" sizes=\"auto, (max-width: 919px) 100vw, 919px\" \/><\/p>\n<p>&nbsp;<\/p>\n<p><strong>Ruh\u00e1k \u00e9s kieg\u00e9sz\u00edt\u0151k nem csak a suliba<\/strong><\/p>\n<p>A k\u00e9nyelmes sportcip\u0151k, k\u0151mosott farmerek, p\u00f3l\u00f3k, meleg\u00edt\u0151fels\u0151k,\u00a0h\u00e1tizs\u00e1kok \u00e9s t\u00e1ny\u00e9rsapka &#8230; A l\u00e1tszat ellen\u00e9re ez nem egy els\u0151s szettje, hanem igenis divatos utcai st\u00edlus. J\u00f3 p\u00e1r eleme m\u00e1r r\u00e9g elvesz\u00edtette az eredeti funkci\u00f3j\u00e1t. H\u00e1tizs\u00e1kot valaha az iskol\u00e1ba v\u00e1lasztottunk, most m\u00e1r a trendszetterek gardr\u00f3bj\u00e1nak egyik k\u00f6telez\u0151 eleme. Nagy vagy kicsi, b\u0151r, neon, sportos vagy log\u00f3s diz\u00e1jner &#8211; minden form\u00e1ban h\u00f3d\u00edt.Pont mint a feh\u00e9r p\u00f3l\u00f3 \u00e9s a meleg\u00edt\u0151, ami m\u00e1ra m\u00e1r nem csak tesi\u00f3r\u00e1n trendi. :) A kultikus edz\u0151cip\u0151k \u00e9s tr\u00e9ningek most a renesz\u00e1nszukat \u00e9lik,\u00a0ak\u00e1rcsak a tornazs\u00e1kok, amikben anno a tornacip\u0151nket vitt\u00fck\u00a0 \u00e9s a baseball sapk\u00e1k.<\/p>\n<p><img loading=\"lazy\" decoding=\"async\" class=\"aligncenter size-full wp-image-13132\" src=\"https:\/\/answear.hu\/blog\/wp-content\/uploads\/2018\/08\/6.jpg\" alt=\"trendi-ruhak-markas-ruhak-szeptemberi-divat-answear\" width=\"919\" height=\"2556\" srcset=\"https:\/\/answear.hu\/blog\/wp-content\/uploads\/2018\/08\/6.jpg 919w, https:\/\/answear.hu\/blog\/wp-content\/uploads\/2018\/08\/6-250x695.jpg 250w, https:\/\/answear.hu\/blog\/wp-content\/uploads\/2018\/08\/6-768x2136.jpg 768w, https:\/\/answear.hu\/blog\/wp-content\/uploads\/2018\/08\/6-552x1536.jpg 552w, https:\/\/answear.hu\/blog\/wp-content\/uploads\/2018\/08\/6-736x2048.jpg 736w, https:\/\/answear.hu\/blog\/wp-content\/uploads\/2018\/08\/6-108x300.jpg 108w, https:\/\/answear.hu\/blog\/wp-content\/uploads\/2018\/08\/6-368x1024.jpg 368w, https:\/\/answear.hu\/blog\/wp-content\/uploads\/2018\/08\/6-620x1724.jpg 620w\" sizes=\"auto, (max-width: 919px) 100vw, 919px\" \/><\/p>\n<p>&nbsp;<\/p>\n","protected":false},"excerpt":{"rendered":"<p><span class=\"span-reading-time rt-reading-time\" style=\"display: block;\"><span class=\"rt-label rt-prefix\">Olvasd el, csak <\/span> <span class=\"rt-time\"> 2<\/span> <span class=\"rt-label rt-postfix\">perc<\/span><\/span>M\u00e1r csak p\u00e1r nap \u00e9s a gyerekeknek, fiataloknak \u00fajra iskolapadba kell \u00fclni\u00fck\u00a0&#8230; Mi pedig egy \u00e9rzelem-gazdag\u00a0utaz\u00e1sra indulunk a &#8217;80-&#8217;90-es \u00e9vekbe, ahol a laza sportos, term\u00e9szetes \u00e9s k\u00e9nyelmes st\u00edlus kapta a f\u0151szerepet. K\u00e9szen \u00e1llsz az iskolakezd\u00e9sre?<\/p>\n","protected":false},"author":32,"featured_media":0,"comment_status":"closed","ping_status":"closed","sticky":false,"template":"","format":"standard","meta":{"footnotes":""},"categories":[686],"tags":[675,688,749,1258,893,946,1249,892,1201,1205,1131,1251,1260,947,1256,941,948,1253,1086,1262,1252,1255,1254,1264,1245,1246,1263,1247,1248,1181,1250,1261,1257,1259,1244,1212,891],"class_list":["post-13129","post","type-post","status-publish","format-standard","hentry","category-trendek","tag-answear","tag-denim","tag-trend","tag-2018-divat","tag-answear-hu","tag-back-to-school","tag-baseball-sapka","tag-divat","tag-divat-webaruhaz","tag-edzocipo","tag-farmer","tag-feher-polo","tag-hatitaska","tag-hatizsak","tag-iskolai-divat","tag-iskolakezdes","tag-iskolataska","tag-macko","tag-markas-cipok","tag-markas-ruhak","tag-melegito","tag-oldschool","tag-oldschool-trend","tag-premium-markak","tag-retro","tag-retro-divat","tag-retro-markak","tag-retro-stilus","tag-retro-trend","tag-ruha-webaruhaz","tag-shieldes-sapka","tag-sporttaska","tag-suli-divat","tag-tornacipo","tag-tornazsak","tag-webaruhaz","tag-webshop"],"_links":{"self":[{"href":"https:\/\/answear.hu\/blog\/wp-json\/wp\/v2\/posts\/13129","targetHints":{"allow":["GET"]}}],"collection":[{"href":"https:\/\/answear.hu\/blog\/wp-json\/wp\/v2\/posts"}],"about":[{"href":"https:\/\/answear.hu\/blog\/wp-json\/wp\/v2\/types\/post"}],"author":[{"embeddable":true,"href":"https:\/\/answear.hu\/blog\/wp-json\/wp\/v2\/users\/32"}],"replies":[{"embeddable":true,"href":"https:\/\/answear.hu\/blog\/wp-json\/wp\/v2\/comments?post=13129"}],"version-history":[{"count":4,"href":"https:\/\/answear.hu\/blog\/wp-json\/wp\/v2\/posts\/13129\/revisions"}],"predecessor-version":[{"id":15473,"href":"https:\/\/answear.hu\/blog\/wp-json\/wp\/v2\/posts\/13129\/revisions\/15473"}],"wp:attachment":[{"href":"https:\/\/answear.hu\/blog\/wp-json\/wp\/v2\/media?parent=13129"}],"wp:term":[{"taxonomy":"category","embeddable":true,"href":"https:\/\/answear.hu\/blog\/wp-json\/wp\/v2\/categories?post=13129"},{"taxonomy":"post_tag","embeddable":true,"href":"https:\/\/answear.hu\/blog\/wp-json\/wp\/v2\/tags?post=13129"}],"curies":[{"name":"wp","href":"https:\/\/api.w.org\/{rel}","templated":true}]}}