{"id":13055,"date":"2018-06-22T15:44:44","date_gmt":"2018-06-22T13:44:44","guid":{"rendered":"https:\/\/answear.hu\/blog\/?p=13055"},"modified":"2021-10-06T18:36:22","modified_gmt":"2021-10-06T16:36:22","slug":"nyari-trend-teljesen-hofeher","status":"publish","type":"post","link":"https:\/\/answear.hu\/blog\/nyari-trend-teljesen-hofeher\/13055","title":{"rendered":"Ny\u00e1ri trend &#8211; teljesen h\u00f3feh\u00e9r"},"content":{"rendered":"<span class=\"span-reading-time rt-reading-time\" style=\"display: block;\"><span class=\"rt-label rt-prefix\">Olvasd el, csak <\/span> <span class=\"rt-time\"> 3<\/span> <span class=\"rt-label rt-postfix\">perc<\/span><\/span><p>Dobd f\u00e9lre a s\u00f6t\u00e9t ruh\u00e1idat, most tet\u0151t\u0151l talpig feh\u00e9rbe burkol\u00f3zhatsz. A teljesen feh\u00e9r \u00f6lt\u00f6zet a ny\u00e1r egyik felkapott \u00e9s praktikus trendje. N\u00e9zd meg, mik ennek a st\u00edlusnak a fort\u00e9lyai!<!--more--><\/p>\n<p><strong>Egyr\u00e9szt a feh\u00e9r egy tiszta, \u00e9rz\u00e9keny sz\u00edn, m\u00e1sr\u00e9szt nagyon kifejez\u0151 &#8211; egyszerre figyelemfelkelt\u0151 \u00e9s eleganci\u00e1t sug\u00e1roz.<\/strong> Nem csoda, hogy el\u0151szeretettel hordjuk a melegebb id\u0151szakban. Nem l\u00e9tezik feh\u00e9r sz\u00edn n\u00e9lk\u00fcl sikeres tavaszi-ny\u00e1ri kollekci\u00f3. <strong>Id\u00e9n a feh\u00e9r a sl\u00e1ger a Max Mara, Valentino, Jil Sander \u00e9s Michael Kors h\u00e1za t\u00e1j\u00e1n.<\/strong>\u00a0Ezt a sz\u00ednt sz\u00e1mtalanf\u00e9lek\u00e9ppen lehet viselni (v\u00e9g\u00fclis mindenhez passzol), b\u00e1r egy igaz\u00e1n forr\u00f3 napon egy dolog biztos, ami nem hagy cserben, a <a href=\"https:\/\/answear.hu\/p\/kulonleges\/all-white.html\/feher\/p-1\/r-60\/o-n\/k-4\/a-118-408\"><strong>feh\u00e9r total look<\/strong><\/a>.<\/p>\n<p><a href=\"https:\/\/answear.hu\/p\/kulonleges\/all-white.html\/feher\/p-1\/r-60\/o-n\/k-4\/a-118-408\"><img decoding=\"async\" class=\"aligncenter\" src=\"https:\/\/answear.com\/blog\/wp-content\/uploads\/2018\/06\/post_white_01.jpg\" \/><\/a><\/p>\n<p><img decoding=\"async\" class=\"aligncenter\" src=\"https:\/\/answear.com\/blog\/wp-content\/uploads\/2018\/06\/post_white_02.jpg\" \/><\/p>\n<p style=\"text-align: center;\">\u00a0<a href=\"https:\/\/answear.hu\/1246649-answear-nadrag-stripes-vibes.html\">Answear nadr\u00e1g<\/a>, <a href=\"https:\/\/answear.hu\/1261592-vero-moda-top-gabrielle.html\">Vero Moda top<\/a>, <a href=\"https:\/\/answear.hu\/1217308-mango-nyaklanc-york.html\">Mango nyakl\u00e1nc<\/a>, <a href=\"https:\/\/answear.hu\/1272836-silvian-heach-kiskabat.html\">Silvian Heach bl\u00e9zer<\/a><\/p>\n<p><strong>A feh\u00e9r el\u0151nyei<\/strong><\/p>\n<p>Sok\u00e1ig \u00e9lt az a k\u00e9pzet, hogy a feh\u00e9r nem el\u0151ny\u00f6s sz\u00edn az \u00f6lt\u00f6zk\u00f6d\u00e9sben, testesebbnek mutatja a visel\u0151j\u00e9t \u00e9s csak bizonyos form\u00e1lis alkalmakkor aj\u00e1nlott viselni. Ehhez k\u00e9pest kiv\u00e1l\u00f3an teljes\u00edt ez a sz\u00edn ny\u00e1ron, f\u0151leg ha term\u00e9szetes barna b\u0151rrel p\u00e1rosul! <strong>A tiszta h\u00f3feh\u00e9r sz\u00edn friss\u00edt, meg\u00fajul\u00e1st hoz, a luxusra \u00e9s az id\u0151tlen eleganci\u00e1ra asszoci\u00e1lunk<\/strong>. S\u0151t, a teljesen feh\u00e9r viselet az alakodat is el\u0151ny\u00f6sen fogja felt\u00fcntetni. <strong>A monokr\u00f3m viselet optikailag slank\u00edt \u00e9s hosszabbnak mutatja a form\u00e1t<\/strong>, k\u00fcl\u00f6n\u00f6sen, ha feh\u00e9r ruh\u00e1t v\u00e1lasztasz magassark\u00faval.<\/p>\n<p><img decoding=\"async\" class=\"aligncenter\" src=\"https:\/\/answear.com\/blog\/wp-content\/uploads\/2018\/06\/post_white_03.jpg\" \/><\/p>\n<p><img decoding=\"async\" class=\"aligncenter\" src=\"https:\/\/answear.com\/blog\/wp-content\/uploads\/2018\/06\/post_white_04.jpg\" \/><\/p>\n<p style=\"text-align: center;\"><a href=\"https:\/\/answear.hu\/1238990-mango-roevid-kabat-studs2.html\">Mango r\u00f6vid kab\u00e1t<\/a>, <a href=\"https:\/\/answear.hu\/1241326-mango-roevidnadrag-iconic2.html\">Mango short<\/a>, <a href=\"https:\/\/answear.hu\/1310598-calvin-klein-jeans-top.html\">Calvin Klein Jeans top<\/a>, <a href=\"https:\/\/answear.hu\/806712-dr-martens-bokacipo.html\">Dr Martens bokacip\u0151<\/a><\/p>\n<p><strong>\u00d6tletek a feh\u00e9r total lookhoz<\/strong><\/p>\n<p>A feh\u00e9r szettet k\u00f6nnyen hordhatod b\u00e1rmilyen alkalomra. <strong>Sportos \u00e9s glamouros st\u00edlusban egyar\u00e1nt meg\u00e1llja a hely\u00e9t.<\/strong> Ny\u00e1ron a klasszikus kis fekete helyett a kis feh\u00e9r ruh\u00e1t \u00e9rdemes v\u00e1lasztanunk. Ez a vil\u00e1gos sz\u00edn csod\u00e1latosan harmoniz\u00e1l a bronzbarn\u00e1ra s\u00fclt b\u0151rrel \u00e9s arany \u00e9kszerekkel. <strong>\u00c1tl\u00e1tsz\u00f3 sz\u00f6vet, szexi csom\u00f3z\u00e1sok,\u00a0spanyol dekolt\u00e1zzsal vagy\u00a0casual oversize &#8211;\u00a0k\u00f6nnyed\u00e9n tal\u00e1lsz magadnak megfelel\u0151 fazont!<\/strong><\/p>\n<p><img decoding=\"async\" class=\"aligncenter\" src=\"https:\/\/answear.com\/blog\/wp-content\/uploads\/2018\/06\/post_white_05.jpg\" \/><\/p>\n<p>&nbsp;<\/p>\n<p>Szeretn\u00e9l eleg\u00e1nsan kin\u00e9zni feh\u00e9rben? Semmi akad\u00e1lya! A feh\u00e9r bl\u00e9zer a kulcs! Nem csak koszt\u00fcmk\u00e9nt lehet viselni (b\u00e1r nem akarjuk eltagadni ennek a nagyon eleg\u00e1ns st\u00edlusnak az \u00e9rdemeit). Egy feh\u00e9r dzsekivel,\u00a0megk\u00f6t\u0151s bl\u00fazzal, ceruzaszokny\u00e1val egy klasszikus \u00e9s nagyon szofisztik\u00e1lt szett. J\u00f3l lehet a feh\u00e9r k\u00fcl\u00f6nb\u00f6z\u0151 sz\u00edn\u00e1rnyalataival is k\u00eds\u00e9rletezni,\u00a0ett\u0151l egy igazi divat mesterfog\u00e1s lesz a szetted.<\/p>\n<p><img decoding=\"async\" class=\"aligncenter\" src=\"https:\/\/answear.com\/blog\/wp-content\/uploads\/2018\/06\/post_white_06.jpg\" \/><\/p>\n<p><img decoding=\"async\" class=\"aligncenter\" src=\"https:\/\/answear.com\/blog\/wp-content\/uploads\/2018\/06\/post_white_07.jpg\" \/><\/p>\n<p style=\"text-align: center;\"><a href=\"https:\/\/answear.hu\/1176577-liu-jo-ruha.html\">Liu Jo ruha<\/a>, <a href=\"https:\/\/answear.hu\/1132261-tommy-hilfiger-felso.html\">Tommy Hilfiger fels\u0151<\/a>, <a href=\"https:\/\/answear.hu\/1117228-calvin-klein-jeans-szoknya.html\">Calvin Klein Jeans szoknya<\/a>, <a href=\"https:\/\/answear.hu\/1257922-answear-papucs-ideal-shoes.html\">Answear papucs<\/a><\/p>\n<p><strong>Feh\u00e9r bl\u00e9zer, k\u00f6nnyed bl\u00faz leheletnyi\u00a0printtel\u00a0b\u0151 sz\u00e1r\u00fa nadr\u00e1g &#8211; a lezser elegancia trendi megtestes\u00edt\u0151je<\/strong>.\u00a0Ha nem vagy el\u00e9g mer\u00e9sz az \u00e1rnyalatokkal j\u00e1tszadozni, <strong>k\u00fcl\u00f6nb\u00f6z\u0151 text\u00far\u00e1j\u00fa \u00e9s mint\u00e1j\u00fa feh\u00e9r anyagokat mixelhetsz \u00f6ssze<\/strong>. \u00cdgy igaz\u00e1n eredeti lesz az \u00f6sszhat\u00e1s.<\/p>\n<p>Feh\u00e9r total look a fiatalabbaknak? Mi\u00e9rt ne, <strong>t\u00f6k\u00e9letesen \u00f6ssze lehet feh\u00e9r szetteket \u00e1ll\u00edtani a fesztiv\u00e1lokra vagy m\u00e1s ny\u00e1ri esem\u00e9nyekre is<\/strong>. A feh\u00e9r \u00e1rnyalatai el\u0151kel\u0151v\u00e9 teszik az eg\u00e9sz hat\u00e1st. Mint ebben az esetben: egy feh\u00e9r, szegecses dzseki, p\u00f3l\u00f3ing, feh\u00e9r rojtos short\u00a0\u00e9s mark\u00e1ns bakancs &#8211; v\u00e9g\u00fcl egy nagyon eredeti \u00e9s harmonikus szett\u00e9 \u00e1ll \u00f6ssze.<\/p>\n<p><strong>A feh\u00e9r lookot ebben a vide\u00f3ban mutatjuk be:<\/strong><\/p>\n<p><iframe loading=\"lazy\" title=\"Legyen FEH\u00c9R - az ANSWEAR strand trendje\" width=\"660\" height=\"371\" src=\"https:\/\/www.youtube.com\/embed\/svfW9imTopY?feature=oembed\" frameborder=\"0\" allow=\"accelerometer; autoplay; clipboard-write; encrypted-media; gyroscope; picture-in-picture; web-share\" referrerpolicy=\"strict-origin-when-cross-origin\" allowfullscreen><\/iframe><\/p>\n","protected":false},"excerpt":{"rendered":"<p><span class=\"span-reading-time rt-reading-time\" style=\"display: block;\"><span class=\"rt-label rt-prefix\">Olvasd el, csak <\/span> <span class=\"rt-time\"> 3<\/span> <span class=\"rt-label rt-postfix\">perc<\/span><\/span>Dobd f\u00e9lre a s\u00f6t\u00e9t ruh\u00e1idat, most tet\u0151t\u0151l talpig feh\u00e9rbe burkol\u00f3zhatsz. A teljesen feh\u00e9r \u00f6lt\u00f6zet a ny\u00e1r egyik felkapott \u00e9s praktikus trendje. N\u00e9zd meg, mik ennek a st\u00edlusnak a fort\u00e9lyai!<\/p>\n","protected":false},"author":32,"featured_media":0,"comment_status":"closed","ping_status":"closed","sticky":false,"template":"","format":"standard","meta":{"footnotes":""},"categories":[686],"tags":[675,764,917,749,892,1036,1144,1145,993,918,1146,1148,1147],"class_list":["post-13055","post","type-post","status-publish","format-standard","hentry","category-trendek","tag-answear","tag-outfit","tag-stilus","tag-trend","tag-divat","tag-divat-kollekcio","tag-feher","tag-feher-ruha","tag-nyari-stilus","tag-nyari-trend","tag-stilustippek","tag-tavaszi-nyari-trend","tag-trend-2018"],"_links":{"self":[{"href":"https:\/\/answear.hu\/blog\/wp-json\/wp\/v2\/posts\/13055","targetHints":{"allow":["GET"]}}],"collection":[{"href":"https:\/\/answear.hu\/blog\/wp-json\/wp\/v2\/posts"}],"about":[{"href":"https:\/\/answear.hu\/blog\/wp-json\/wp\/v2\/types\/post"}],"author":[{"embeddable":true,"href":"https:\/\/answear.hu\/blog\/wp-json\/wp\/v2\/users\/32"}],"replies":[{"embeddable":true,"href":"https:\/\/answear.hu\/blog\/wp-json\/wp\/v2\/comments?post=13055"}],"version-history":[{"count":7,"href":"https:\/\/answear.hu\/blog\/wp-json\/wp\/v2\/posts\/13055\/revisions"}],"predecessor-version":[{"id":15476,"href":"https:\/\/answear.hu\/blog\/wp-json\/wp\/v2\/posts\/13055\/revisions\/15476"}],"wp:attachment":[{"href":"https:\/\/answear.hu\/blog\/wp-json\/wp\/v2\/media?parent=13055"}],"wp:term":[{"taxonomy":"category","embeddable":true,"href":"https:\/\/answear.hu\/blog\/wp-json\/wp\/v2\/categories?post=13055"},{"taxonomy":"post_tag","embeddable":true,"href":"https:\/\/answear.hu\/blog\/wp-json\/wp\/v2\/tags?post=13055"}],"curies":[{"name":"wp","href":"https:\/\/api.w.org\/{rel}","templated":true}]}}