{"id":12870,"date":"2018-03-08T11:42:50","date_gmt":"2018-03-08T10:42:50","guid":{"rendered":"https:\/\/answear.hu\/blog\/?p=12870"},"modified":"2021-10-06T18:40:06","modified_gmt":"2021-10-06T16:40:06","slug":"itt-a-vadonatouj-answear-wild-nature-kollekcio","status":"publish","type":"post","link":"https:\/\/answear.hu\/blog\/itt-a-vadonatouj-answear-wild-nature-kollekcio\/12870","title":{"rendered":"Itt a vadonat\u00faj Answear Wild Nature kollekci\u00f3"},"content":{"rendered":"<span class=\"span-reading-time rt-reading-time\" style=\"display: block;\"><span class=\"rt-label rt-prefix\">Olvasd el, csak <\/span> <span class=\"rt-time\"> 2<\/span> <span class=\"rt-label rt-postfix\">perc<\/span><\/span><p>A Sporty Fusion ut\u00e1n m\u00e1ris itt a k\u00f6vetkez\u0151 friss trend, Answear divatm\u00e1rka leg\u00fajabb kollekci\u00f3ja, a Wild Nature, amely a 2018-as Fashion Week Western trendj\u00e9t \u00f6tv\u00f6zi az Answear m\u00e1rka k\u00f6nnyeden n\u0151ies, urb\u00e1nus st\u00edlusvil\u00e1g\u00e1val. T\u00e9ged is mag\u00e1val ragad!<\/p>\n<p><!--more--><\/p>\n<p>Az <a href=\"https:\/\/answear.hu\/p\/answear-307-b.html\/answear\/p-1\/r-60\/o-n\/k-4\">Answear m\u00e1rka<\/a> \u00faj,<a href=\"https:\/\/answear.hu\/p\/kereses\/q-wild%20nature\/k-4\/\"> Wild Nature kollekci\u00f3j\u00e1t<\/a> a Vadnyugat ihlette \u2013 a term\u00e9szetes, vad n\u0151is\u00e9g meg\u00e9l\u00e9se ker\u00fcl f\u00f3kuszba a western st\u00edlus \u00e1ltal, kicsit k\u00eds\u00e9rletezve a mindennapokban is a divattal.<\/p>\n<p><img loading=\"lazy\" decoding=\"async\" class=\"alignleft wp-image-12886 size-full\" src=\"https:\/\/answear.hu\/blog\/wp-content\/uploads\/2018\/03\/post_blog_17.jpg\" alt=\"answear-wild-nature-kollekcio\" width=\"920\" height=\"614\" srcset=\"https:\/\/answear.hu\/blog\/wp-content\/uploads\/2018\/03\/post_blog_17.jpg 920w, https:\/\/answear.hu\/blog\/wp-content\/uploads\/2018\/03\/post_blog_17-768x513.jpg 768w, https:\/\/answear.hu\/blog\/wp-content\/uploads\/2018\/03\/post_blog_17-272x182.jpg 272w, https:\/\/answear.hu\/blog\/wp-content\/uploads\/2018\/03\/post_blog_17-300x200.jpg 300w, https:\/\/answear.hu\/blog\/wp-content\/uploads\/2018\/03\/post_blog_17-620x414.jpg 620w\" sizes=\"auto, (max-width: 920px) 100vw, 920px\" \/>Mint ahogy egy \u00faj, kalanddal teli nap els\u0151 sugarainak meleg\u00e9t \u00e9rzed a b\u0151r\u00f6d\u00f6n \u2013 az<a href=\"https:\/\/answear.hu\/p\/answear-307-b.html\/answear\/p-1\/r-60\/o-n\/k-4\"> Answear<\/a> ezekre a pillanatnyi \u00e9rz\u00e9sekre alapozva k\u00e9sz\u00edtette el izgalmas casual style kollekci\u00f3j\u00e1t, melyben ruh\u00e1k \u00e9s kieg\u00e9sz\u00edt\u0151k is teret kaptak.<\/p>\n<p>A Vadnyugaton mindent szabad, teh\u00e1t mi is b\u00e1trak voltunk \u2013 vegy\u00edtj\u00fck a k\u00fcl\u00f6nb\u00f6z\u0151 anyagokat \u00e9s mint\u00e1kat, ak\u00e1r egy romantikus chiffon ruh\u00e1t is \u00f6sszekombin\u00e1lhatunk egy farmer anyaggal. A kieg\u00e9sz\u00edt\u0151k seg\u00edts\u00e9g\u00e9vel egyedi \u00e9s mozgalmas, kih\u00edv\u00e1sokkal teli \u00f6sszhat\u00e1st adhatunk az outfiteknek.<\/p>\n<p><img loading=\"lazy\" decoding=\"async\" class=\"alignleft wp-image-12888 size-full\" src=\"https:\/\/answear.hu\/blog\/wp-content\/uploads\/2018\/03\/post_blog_20.jpg\" alt=\"answear-wild-nature\" width=\"920\" height=\"1497\" srcset=\"https:\/\/answear.hu\/blog\/wp-content\/uploads\/2018\/03\/post_blog_20.jpg 920w, https:\/\/answear.hu\/blog\/wp-content\/uploads\/2018\/03\/post_blog_20-427x695.jpg 427w, https:\/\/answear.hu\/blog\/wp-content\/uploads\/2018\/03\/post_blog_20-768x1250.jpg 768w, https:\/\/answear.hu\/blog\/wp-content\/uploads\/2018\/03\/post_blog_20-184x300.jpg 184w, https:\/\/answear.hu\/blog\/wp-content\/uploads\/2018\/03\/post_blog_20-629x1024.jpg 629w, https:\/\/answear.hu\/blog\/wp-content\/uploads\/2018\/03\/post_blog_20-620x1009.jpg 620w\" sizes=\"auto, (max-width: 920px) 100vw, 920px\" \/><\/p>\n<p>Az <a href=\"https:\/\/answear.hu\/p\/kereses\/q-wild%20nature\/k-4\/\"><strong>Answear Wild Nature<\/strong><\/a> kollekci\u00f3val megmutathatod, hogy lehetsz egyszerre er\u0151s \u00e9s feminin. Egy\u00fctt felfedezhetj\u00fck a <a href=\"https:\/\/www.instagram.com\/answear_hu\/\"><em>#WeAreTheAnswear<\/em><\/a> k\u00f6z\u00f6ss\u00e9g n\u0151iesen vad oldal\u00e1t.<\/p>\n<p>A Wild Nature st\u00edlusvil\u00e1ga reflekt\u00e1l a <strong>Fashion Week 2018<\/strong>\u00a0leger\u0151sebb tavaszi-ny\u00e1ri trendjeire, melyek k\u00f6z\u00f6tt a vadnyugat vil\u00e1ga az egyik legmark\u00e1nsabb ir\u00e1nyvonal. Minden m\u00e1rka mer\u00edtett egy kicsit m\u00e9lyben rejl\u0151 vads\u00e1g\u00e1b\u00f3l: Dior, Gucci, Calvin Klein, Tommy Hilfiger \u00e9s a Versace is.<\/p>\n<p><img loading=\"lazy\" decoding=\"async\" class=\"alignleft wp-image-12889 size-full\" src=\"https:\/\/answear.hu\/blog\/wp-content\/uploads\/2018\/03\/post_blog_26.jpg\" alt=\"answear-marka-wild-nature\" width=\"920\" height=\"613\" srcset=\"https:\/\/answear.hu\/blog\/wp-content\/uploads\/2018\/03\/post_blog_26.jpg 920w, https:\/\/answear.hu\/blog\/wp-content\/uploads\/2018\/03\/post_blog_26-768x512.jpg 768w, https:\/\/answear.hu\/blog\/wp-content\/uploads\/2018\/03\/post_blog_26-272x182.jpg 272w, https:\/\/answear.hu\/blog\/wp-content\/uploads\/2018\/03\/post_blog_26-300x200.jpg 300w, https:\/\/answear.hu\/blog\/wp-content\/uploads\/2018\/03\/post_blog_26-620x413.jpg 620w\" sizes=\"auto, (max-width: 920px) 100vw, 920px\" \/> <img loading=\"lazy\" decoding=\"async\" class=\"alignleft wp-image-12890 size-full\" src=\"https:\/\/answear.hu\/blog\/wp-content\/uploads\/2018\/03\/post_blog_29.jpg\" alt=\"answear-vadnyugat-trend\" width=\"920\" height=\"1876\" srcset=\"https:\/\/answear.hu\/blog\/wp-content\/uploads\/2018\/03\/post_blog_29.jpg 920w, https:\/\/answear.hu\/blog\/wp-content\/uploads\/2018\/03\/post_blog_29-341x695.jpg 341w, https:\/\/answear.hu\/blog\/wp-content\/uploads\/2018\/03\/post_blog_29-768x1566.jpg 768w, https:\/\/answear.hu\/blog\/wp-content\/uploads\/2018\/03\/post_blog_29-753x1536.jpg 753w, https:\/\/answear.hu\/blog\/wp-content\/uploads\/2018\/03\/post_blog_29-147x300.jpg 147w, https:\/\/answear.hu\/blog\/wp-content\/uploads\/2018\/03\/post_blog_29-502x1024.jpg 502w, https:\/\/answear.hu\/blog\/wp-content\/uploads\/2018\/03\/post_blog_29-620x1264.jpg 620w\" sizes=\"auto, (max-width: 920px) 100vw, 920px\" \/> A Wild Nature a mi <strong>Western trend<\/strong>\u00fcnk, a benn\u00fcnk rejl\u0151 vad term\u00e9szet kollekci\u00f3ja \u2013 egyszerre \u00f6tv\u00f6zt\u00fck benne azt ami <strong>klasszikus, modern \u00e9s feminin<\/strong>.<\/p>\n<p>Fedezd fel vel\u00fcnk k\u00f6z\u00f6sen ezt a vad sz\u00e9ps\u00e9get \u00e9s engedd, hogy elvar\u00e1zsoljon a Vadnyugat vil\u00e1ga! A term\u00e9keket <a href=\"https:\/\/answear.hu\/p\/kereses\/q-wild%20nature\/k-4\/\"><strong>ITT<\/strong><\/a> megtal\u00e1lod.<\/p>\n<p>&nbsp;<\/p>\n<p>Az Answear <a href=\"https:\/\/answear.hu\/p\/kereses\/q-wild%20nature\/k-4\/\">Wild Nature<\/a> kollekci\u00f3 vide\u00f3j\u00e1t Izraelben forgattuk.<\/p>\n<p>&nbsp;<\/p>\n","protected":false},"excerpt":{"rendered":"<p><span class=\"span-reading-time rt-reading-time\" style=\"display: block;\"><span class=\"rt-label rt-prefix\">Olvasd el, csak <\/span> <span class=\"rt-time\"> 2<\/span> <span class=\"rt-label rt-postfix\">perc<\/span><\/span>A Sporty Fusion ut\u00e1n m\u00e1ris itt a k\u00f6vetkez\u0151 friss trend, Answear divatm\u00e1rka leg\u00fajabb kollekci\u00f3ja, a Wild Nature, amely a 2018-as Fashion Week Western trendj\u00e9t \u00f6tv\u00f6zi az Answear m\u00e1rka k\u00f6nnyeden n\u0151ies, urb\u00e1nus st\u00edlusvil\u00e1g\u00e1val. T\u00e9ged is mag\u00e1val ragad!<\/p>\n","protected":false},"author":32,"featured_media":0,"comment_status":"closed","ping_status":"closed","sticky":false,"template":"","format":"standard","meta":{"footnotes":""},"categories":[686],"tags":[675,798,749,992,1000,986,892,991,987,1004,995,916,994,993,996,997,998,895,988,990,989,1002,1003,999,1001],"class_list":["post-12870","post","type-post","status-publish","format-standard","hentry","category-trendek","tag-answear","tag-fashion","tag-trend","tag-2018-trendek","tag-answear-kollekcio","tag-answear_hu","tag-divat","tag-divat-2018","tag-fashion-week","tag-izrael","tag-noi-ruha","tag-nyari-divat","tag-nyari-ruhak","tag-nyari-stilus","tag-ruha-rendeles-online","tag-ruha-webshop-budapest","tag-ruha-webshop-magyarorszag","tag-tavasz","tag-tavaszi-divat","tag-tavaszi-stilus","tag-tavaszi-trend","tag-vadnyugat","tag-western","tag-wild-nature","tag-wild-nature-kollekcio"],"_links":{"self":[{"href":"https:\/\/answear.hu\/blog\/wp-json\/wp\/v2\/posts\/12870","targetHints":{"allow":["GET"]}}],"collection":[{"href":"https:\/\/answear.hu\/blog\/wp-json\/wp\/v2\/posts"}],"about":[{"href":"https:\/\/answear.hu\/blog\/wp-json\/wp\/v2\/types\/post"}],"author":[{"embeddable":true,"href":"https:\/\/answear.hu\/blog\/wp-json\/wp\/v2\/users\/32"}],"replies":[{"embeddable":true,"href":"https:\/\/answear.hu\/blog\/wp-json\/wp\/v2\/comments?post=12870"}],"version-history":[{"count":10,"href":"https:\/\/answear.hu\/blog\/wp-json\/wp\/v2\/posts\/12870\/revisions"}],"predecessor-version":[{"id":15491,"href":"https:\/\/answear.hu\/blog\/wp-json\/wp\/v2\/posts\/12870\/revisions\/15491"}],"wp:attachment":[{"href":"https:\/\/answear.hu\/blog\/wp-json\/wp\/v2\/media?parent=12870"}],"wp:term":[{"taxonomy":"category","embeddable":true,"href":"https:\/\/answear.hu\/blog\/wp-json\/wp\/v2\/categories?post=12870"},{"taxonomy":"post_tag","embeddable":true,"href":"https:\/\/answear.hu\/blog\/wp-json\/wp\/v2\/tags?post=12870"}],"curies":[{"name":"wp","href":"https:\/\/api.w.org\/{rel}","templated":true}]}}